{"id":122029,"date":"2025-10-22T17:49:08","date_gmt":"2025-10-22T17:49:08","guid":{"rendered":"https:\/\/www.europesays.com\/pt\/122029\/"},"modified":"2025-10-22T17:49:08","modified_gmt":"2025-10-22T17:49:08","slug":"criancas-pequenas-tem-mais-germes-do-que-as-mais-velhas-durante-a-epoca-das-gripes-e-constipacoes","status":"publish","type":"post","link":"https:\/\/www.europesays.com\/pt\/122029\/","title":{"rendered":"Crian\u00e7as pequenas t\u00eam mais germes do que as mais velhas durante a \u00e9poca das gripes e constipa\u00e7\u00f5es"},"content":{"rendered":"<p>\n  De&amp;nbsp<b>AP<\/b>&amp;nbspcom&amp;nbsp<b>Euronews<\/b>\n<\/p>\n<p>\n         Publicado a<br \/>\n            22\/10\/2025 &#8211; 17:38 GMT+2\n            <\/p>\n<p>Esque\u00e7a as folhas coloridas. Qualquer prestador de cuidados sabe que os verdadeiros sinais do outono s\u00e3o as crian\u00e7as com tosse, espirros e fungadelas.<\/p>\n<p>O outono marca o in\u00edcio da \u00e9poca dos v\u00edrus respirat\u00f3rios, quando as constipa\u00e7\u00f5es, a gripe e outros bichos come\u00e7am a circular &#8211; especialmente entre os mais pequenos.<\/p>\n<p>Um estudo recente confirmou o que muitas fam\u00edlias sabem intuitivamente: os alunos mais pequenos s\u00e3o os que t\u00eam mais germes.<\/p>\n<p>As crian\u00e7as do pr\u00e9-escolar e da escola prim\u00e1ria, com idades compreendidas entre os tr\u00eas e os 10 anos, apresentaram as taxas mais elevadas de dete\u00e7\u00e3o de v\u00edrus em compara\u00e7\u00e3o com os alunos mais velhos e o pessoal, de acordo com uma investiga\u00e7\u00e3o publicada na <a href=\"https:\/\/publications.aap.org\/pediatrics\/article-abstract\/156\/4\/e2025070886\/203957\/Respiratory-Virus-Detection-and-Acute-Respiratory?\" target=\"_blank\" rel=\"noreferrer nofollow noopener\"><strong>revista Pediatrics.<\/strong><\/a><\/p>\n<p>&#8220;As crian\u00e7as pequenas podem ter at\u00e9 10 v\u00edrus respirat\u00f3rios por ano, uma vez que os seus sistemas imunit\u00e1rios s\u00e3o apresentados a diferentes infec\u00e7\u00f5es pela primeira vez&#8221;, afirmou Jennifer Goldman, pediatra de um hospital dos Estados Unidos que co-liderou o estudo.<\/p>\n<p>As crian\u00e7as mais novas t\u00eam maior probabilidade de ter o v\u00edrus detetado<\/p>\n<p>Goldman e seus colegas analisaram esfrega\u00e7os nasais e relat\u00f3rios de sintomas de mais de 800 alunos e funcion\u00e1rios num grande distrito escolar de novembro de 2022 a maio de 2023.<\/p>\n<p>Descobriram que, no geral, mais de 85 por cento de todos os participantes tiveram pelo menos um v\u00edrus respirat\u00f3rio detetado durante esse per\u00edodo e mais de 80 por cento tiveram um epis\u00f3dio de doen\u00e7a respirat\u00f3ria aguda &#8211; embora n\u00e3o necessariamente ao mesmo tempo.<\/p>\n<p>Mais revelador ainda \u00e9 o facto de 92% das crian\u00e7as pequenas terem tido um v\u00edrus detetado, em compara\u00e7\u00e3o com cerca de 86% dos alunos do ensino b\u00e1sico (com idades compreendidas entre os 11 e os 13 anos) e cerca de 77% dos alunos do ensino secund\u00e1rio.<\/p>\n<p>Cerca de 76% dos funcion\u00e1rios referiram o mesmo.<\/p>\n<p>As crian\u00e7as mais novas, com idades compreendidas entre os tr\u00eas e os cinco anos, registaram tamb\u00e9m as taxas mais elevadas de doen\u00e7a, segundo o estudo.<\/p>\n<p>A maioria dos v\u00edrus era do tipo que causa a constipa\u00e7\u00e3o comum, incluindo o rinov\u00edrus, que foi detetado em 65% dos participantes, e tipos de coronav\u00edrus sazonais detetados em cerca de 30%.<\/p>\n<p>O v\u00edrus que causa a covid-19 foi detetado em cerca de 15% das pessoas estudadas.<\/p>\n<p>Estudo confirma as experi\u00eancias dos pediatras que s\u00e3o pais<\/p>\n<p>O novo estudo fornece uma vis\u00e3o de base sobre o peso dos v\u00edrus em ambientes escolares, disse Goldman.<\/p>\n<p>Tamb\u00e9m confirma a experi\u00eancia real de pediatras que s\u00e3o pais, como Nicole Torres do Sistema de Sa\u00fade da Universidade de Miami.<\/p>\n<p>&#8220;Posso dizer isto em rela\u00e7\u00e3o aos meus pr\u00f3prios filhos, que est\u00e3o agora na adolesc\u00eancia: eles eram mais doentes quando eram mais novos&#8221;, disse.<\/p>\n<p>O estudo tamb\u00e9m se enquadra em investiga\u00e7\u00f5es mais antigas que conclu\u00edram que as crian\u00e7as pequenas desempenham um papel fundamental na propaga\u00e7\u00e3o de v\u00edrus respirat\u00f3rios em casa.<\/p>\n<p>Carrie Byington foi coautora de um estudo da Universidade de Utah, publicado em 2015, que recrutou 26 agregados familiares para recolher amostras nasais de todas as pessoas que viviam numa casa, todas as semanas, durante um ano.<\/p>\n<p>Esse estudo concluiu que as crian\u00e7as com menos de cinco anos tinham um v\u00edrus detetado em metade das semanas do ano, recordou Byington, que agora trabalha na Universidade da Calif\u00f3rnia, em San Diego.<\/p>\n<p>&#8220;E se vivermos num agregado familiar com v\u00e1rias crian\u00e7as, essa propor\u00e7\u00e3o aumenta, pelo que pode parecer que algu\u00e9m est\u00e1 sempre doente&#8221;, afirmou.<\/p>\n<p>Como prevenir a doen\u00e7a &#8211; ou pelo menos tentar<\/p>\n<p>Prevenir a doen\u00e7a das crian\u00e7as na escola ou em casa pode ser dif\u00edcil, reconhecem os especialistas.<\/p>\n<p>\u00c9 importante estar em dia com as vacinas contra a covid-19 e a gripe, afirmam. O mesmo acontece com a lavagem frequente das m\u00e3os, aprender a tapar a tosse e manter as m\u00e3os afastadas dos olhos, nariz e boca.<\/p>\n<p>Limpar e higienizar superf\u00edcies e objetos frequentemente tocados e otimizar o ar fresco s\u00e3o tamb\u00e9m fundamentais.<\/p>\n<p>Quando os mais pequenos adoecem, o melhor tratamento \u00e9, muitas vezes, o apoio, como a ingest\u00e3o de l\u00edquidos e o repouso. Nos casos graves, os m\u00e9dicos podem recomendar medicamentos para reduzir a febre ou medicamentos antivirais.<\/p>\n<p>No entanto, pode demorar algumas semanas at\u00e9 que os sintomas persistentes, como a tosse, desapare\u00e7am completamente. Nessa altura, a crian\u00e7a pode muito bem ter outra constipa\u00e7\u00e3o.<\/p>\n<p>&#8220;Eu digo aos pais de crian\u00e7as mais novas que esperem que elas fiquem doentes uma vez por m\u00eas, a cada m\u00eas e meio&#8221;, disse Torres. &#8220;Vai parecer que sim&#8221;.<\/p>\n","protected":false},"excerpt":{"rendered":"De&amp;nbspAP&amp;nbspcom&amp;nbspEuronews Publicado a 22\/10\/2025 &#8211; 17:38 GMT+2 Esque\u00e7a as folhas coloridas. Qualquer prestador de cuidados sabe que os&hellip;\n","protected":false},"author":2,"featured_media":122030,"comment_status":"","ping_status":"","sticky":false,"template":"","format":"standard","meta":{"footnotes":""},"categories":[86],"tags":[838,1418,116,10929,32,33,117,1893],"class_list":{"0":"post-122029","1":"post","2":"type-post","3":"status-publish","4":"format-standard","5":"has-post-thumbnail","7":"category-saude","8":"tag-criancas","9":"tag-gripe","10":"tag-health","11":"tag-infeccao","12":"tag-portugal","13":"tag-pt","14":"tag-saude","15":"tag-virus"},"share_on_mastodon":{"url":"https:\/\/pubeurope.com\/@pt\/115419084481991672","error":""},"_links":{"self":[{"href":"https:\/\/www.europesays.com\/pt\/wp-json\/wp\/v2\/posts\/122029","targetHints":{"allow":["GET"]}}],"collection":[{"href":"https:\/\/www.europesays.com\/pt\/wp-json\/wp\/v2\/posts"}],"about":[{"href":"https:\/\/www.europesays.com\/pt\/wp-json\/wp\/v2\/types\/post"}],"author":[{"embeddable":true,"href":"https:\/\/www.europesays.com\/pt\/wp-json\/wp\/v2\/users\/2"}],"replies":[{"embeddable":true,"href":"https:\/\/www.europesays.com\/pt\/wp-json\/wp\/v2\/comments?post=122029"}],"version-history":[{"count":0,"href":"https:\/\/www.europesays.com\/pt\/wp-json\/wp\/v2\/posts\/122029\/revisions"}],"wp:featuredmedia":[{"embeddable":true,"href":"https:\/\/www.europesays.com\/pt\/wp-json\/wp\/v2\/media\/122030"}],"wp:attachment":[{"href":"https:\/\/www.europesays.com\/pt\/wp-json\/wp\/v2\/media?parent=122029"}],"wp:term":[{"taxonomy":"category","embeddable":true,"href":"https:\/\/www.europesays.com\/pt\/wp-json\/wp\/v2\/categories?post=122029"},{"taxonomy":"post_tag","embeddable":true,"href":"https:\/\/www.europesays.com\/pt\/wp-json\/wp\/v2\/tags?post=122029"}],"curies":[{"name":"wp","href":"https:\/\/api.w.org\/{rel}","templated":true}]}}