{"id":122050,"date":"2025-10-22T18:09:21","date_gmt":"2025-10-22T18:09:21","guid":{"rendered":"https:\/\/www.europesays.com\/pt\/122050\/"},"modified":"2025-10-22T18:09:21","modified_gmt":"2025-10-22T18:09:21","slug":"ines-aires-pereira-reata-com-david-ferreira-e-anuncia-terceira-gravidez","status":"publish","type":"post","link":"https:\/\/www.europesays.com\/pt\/122050\/","title":{"rendered":"In\u00eas Aires Pereira reata com David Ferreira e anuncia terceira gravidez"},"content":{"rendered":"<p>In\u00eas Aires Pereira est\u00e1 a viver uma das fases mais felizes da sua vida, no palco e fora dele. Na segunda-feira, 20 de outubro, apanhou os f\u00e3s de surpresa ao anunciar que est\u00e1 gr\u00e1vida do terceiro filho.\n<\/p>\n<p>A novidade foi partilhada num v\u00eddeo publicado no Instagram, onde se podem espreitar os bastidores do seu novo espet\u00e1culo, &#8220;Namast\u00ea&#8221;, no Coliseu dos Recreios, em Lisboa.\n<\/p>\n<p>No v\u00eddeo, In\u00eas surge ao lado de David Ferreira, pai dos seus dois filhos, e deixa vis\u00edvel a barriga de gr\u00e1vida. &#8220;<strong>Que comece a aventura!<\/strong>&#8220;, escreveu na legenda da publica\u00e7\u00e3o.\n<\/p>\n<p>Em poucos minutos, os coment\u00e1rios multiplicaram-se com mensagens de carinho, tanto de colegas como de f\u00e3s.\n<\/p>\n<p>(Imagens: Instagram)<\/p>\n","protected":false},"excerpt":{"rendered":"In\u00eas Aires Pereira est\u00e1 a viver uma das fases mais felizes da sua vida, no palco e fora&hellip;\n","protected":false},"author":2,"featured_media":122051,"comment_status":"","ping_status":"","sticky":false,"template":"","format":"standard","meta":{"footnotes":""},"categories":[8],"tags":[783,778,779,774,27,28,764,769,767,772,782,15,16,784,14,222,771,25,26,773,21,22,149,12,768,13,19,20,777,32,23,24,33,766,781,765,763,775,780,776,770,17,18,29,30,31],"class_list":{"0":"post-122050","1":"post","2":"type-post","3":"status-publish","4":"format-standard","5":"has-post-thumbnail","7":"category-principais-noticias","8":"tag-6pm","9":"tag-80s-rfm","10":"tag-80srfm","11":"tag-90s","12":"tag-breaking-news","13":"tag-breakingnews","14":"tag-bruno-mars","15":"tag-cafe-da-manha","16":"tag-comedia","17":"tag-dance-it","18":"tag-emissao-online","19":"tag-featured-news","20":"tag-featurednews","21":"tag-fridayboyz","22":"tag-headlines","23":"tag-humor","24":"tag-jazzy","25":"tag-latest-news","26":"tag-latestnews","27":"tag-latinas","28":"tag-main-news","29":"tag-mainnews","30":"tag-music","31":"tag-news","32":"tag-nilton","33":"tag-noticias","34":"tag-noticias-principais","35":"tag-noticiasprincipais","36":"tag-oceano-pacifico","37":"tag-portugal","38":"tag-principais-noticias","39":"tag-principaisnoticias","40":"tag-pt","41":"tag-radio","42":"tag-radio-online","43":"tag-rfm","44":"tag-rock-in-rio","45":"tag-rocks","46":"tag-somnii","47":"tag-toca-portugal","48":"tag-top-25","49":"tag-top-stories","50":"tag-topstories","51":"tag-ultimas","52":"tag-ultimas-noticias","53":"tag-ultimasnoticias"},"share_on_mastodon":{"url":"","error":"Validation failed: Text character limit of 500 exceeded"},"_links":{"self":[{"href":"https:\/\/www.europesays.com\/pt\/wp-json\/wp\/v2\/posts\/122050","targetHints":{"allow":["GET"]}}],"collection":[{"href":"https:\/\/www.europesays.com\/pt\/wp-json\/wp\/v2\/posts"}],"about":[{"href":"https:\/\/www.europesays.com\/pt\/wp-json\/wp\/v2\/types\/post"}],"author":[{"embeddable":true,"href":"https:\/\/www.europesays.com\/pt\/wp-json\/wp\/v2\/users\/2"}],"replies":[{"embeddable":true,"href":"https:\/\/www.europesays.com\/pt\/wp-json\/wp\/v2\/comments?post=122050"}],"version-history":[{"count":0,"href":"https:\/\/www.europesays.com\/pt\/wp-json\/wp\/v2\/posts\/122050\/revisions"}],"wp:featuredmedia":[{"embeddable":true,"href":"https:\/\/www.europesays.com\/pt\/wp-json\/wp\/v2\/media\/122051"}],"wp:attachment":[{"href":"https:\/\/www.europesays.com\/pt\/wp-json\/wp\/v2\/media?parent=122050"}],"wp:term":[{"taxonomy":"category","embeddable":true,"href":"https:\/\/www.europesays.com\/pt\/wp-json\/wp\/v2\/categories?post=122050"},{"taxonomy":"post_tag","embeddable":true,"href":"https:\/\/www.europesays.com\/pt\/wp-json\/wp\/v2\/tags?post=122050"}],"curies":[{"name":"wp","href":"https:\/\/api.w.org\/{rel}","templated":true}]}}