{"id":122054,"date":"2025-10-22T18:12:22","date_gmt":"2025-10-22T18:12:22","guid":{"rendered":"https:\/\/www.europesays.com\/pt\/122054\/"},"modified":"2025-10-22T18:12:22","modified_gmt":"2025-10-22T18:12:22","slug":"isabel-lemos-apresenta-o-livro-a-pequenas-historias-de-26-mulheres","status":"publish","type":"post","link":"https:\/\/www.europesays.com\/pt\/122054\/","title":{"rendered":"Isabel Lemos apresenta o livro \u201cA\u2026 Pequenas Hist\u00f3rias de 26 Mulheres\u201d"},"content":{"rendered":"<p>\u201cA\u2026 Pequenas Hist\u00f3rias de 26 Mulheres\u201d, \u00e9 o primeiro livro editado de Isabel Lemos que ser\u00e1 apresentado no pr\u00f3ximo dia 24 de outubro, pelas 17h30, na Biblioteca Municipal da Mealhada, a autora \u00e9 tamb\u00e9m a convidada da rubrica \u201cPalavra de Autor \u2013 Encontro com escritores\u201d. <br \/>Isabel Lemos \u00e9 docente e autora de contos e pe\u00e7as de teatro (n\u00e3o publicados) e de diversos textos publicados em v\u00e1rios jornais e revistas.<br \/>Esta obra \u00e9 sobre 26 mulheres de A a Z que contam, na primeira pessoa ou atrav\u00e9s de um narrador mais ou menos presente, hist\u00f3rias da sua vida.<br \/>\u201cAs narrativas, independentes, umas com algumas p\u00e1ginas e outras s\u00f3 com algumas linhas, permitem uma reflex\u00e3o sobre alguns dos temas da atualidade, mas que v\u00eam j\u00e1 de outros tempos, de outras \u00e9pocas, de comunidades muito diferentes entre si: amores desencontrados, proibidos, abusos sexuais de crian\u00e7as, viola\u00e7\u00f5es, mutila\u00e7\u00e3o genital feminina, persegui\u00e7\u00f5es, guerra colonial, a dem\u00eancia na velhice ou o bullying escolar\u201d, pode ler-se na descri\u00e7\u00e3o do livro, editado pela Oficina da Escrita.<br \/>Segundo a escritora de \u201cA\u2026 Pequenas Hist\u00f3rias de 26 Mulheres\u201d, \u201cesta obra est\u00e1 escrita numa linguagem muito simples, despojada, corrente, quase coloquial, acess\u00edvel mesmo para leitores que se intimidam perante um livro\u201d.<br \/>Isabel Lemos, nasceu no Porto, estudou Filologia Rom\u00e2nica na Faculdade de Letras da Universidade de Coimbra e fixou-se na Mealhada onde foi docente. Durante a sua carreira profissional foi professora, investigadora e formadora de professores. \u00c9 ativista sindical e lutadora pela igualdade entre mulheres e homens. Faz teatro amador e encena.<br \/>Recorde-se que \u201cPalavra de Autor: ciclo de conversas com escritores\u201d \u00e9 uma iniciativa bimensal, promovida pela Biblioteca Municipal da Mealhada, que visa proporcionar aos leitores momentos de aproxima\u00e7\u00e3o e conv\u00edvio com escritores portugueses.<\/p>\n","protected":false},"excerpt":{"rendered":"\u201cA\u2026 Pequenas Hist\u00f3rias de 26 Mulheres\u201d, \u00e9 o primeiro livro editado de Isabel Lemos que ser\u00e1 apresentado no&hellip;\n","protected":false},"author":2,"featured_media":122055,"comment_status":"","ping_status":"","sticky":false,"template":"","format":"standard","meta":{"footnotes":""},"categories":[143],"tags":[169,114,115,170,32,33],"class_list":{"0":"post-122054","1":"post","2":"type-post","3":"status-publish","4":"format-standard","5":"has-post-thumbnail","7":"category-livros","8":"tag-books","9":"tag-entertainment","10":"tag-entretenimento","11":"tag-livros","12":"tag-portugal","13":"tag-pt"},"share_on_mastodon":{"url":"https:\/\/pubeurope.com\/@pt\/115419175093531366","error":""},"_links":{"self":[{"href":"https:\/\/www.europesays.com\/pt\/wp-json\/wp\/v2\/posts\/122054","targetHints":{"allow":["GET"]}}],"collection":[{"href":"https:\/\/www.europesays.com\/pt\/wp-json\/wp\/v2\/posts"}],"about":[{"href":"https:\/\/www.europesays.com\/pt\/wp-json\/wp\/v2\/types\/post"}],"author":[{"embeddable":true,"href":"https:\/\/www.europesays.com\/pt\/wp-json\/wp\/v2\/users\/2"}],"replies":[{"embeddable":true,"href":"https:\/\/www.europesays.com\/pt\/wp-json\/wp\/v2\/comments?post=122054"}],"version-history":[{"count":0,"href":"https:\/\/www.europesays.com\/pt\/wp-json\/wp\/v2\/posts\/122054\/revisions"}],"wp:featuredmedia":[{"embeddable":true,"href":"https:\/\/www.europesays.com\/pt\/wp-json\/wp\/v2\/media\/122055"}],"wp:attachment":[{"href":"https:\/\/www.europesays.com\/pt\/wp-json\/wp\/v2\/media?parent=122054"}],"wp:term":[{"taxonomy":"category","embeddable":true,"href":"https:\/\/www.europesays.com\/pt\/wp-json\/wp\/v2\/categories?post=122054"},{"taxonomy":"post_tag","embeddable":true,"href":"https:\/\/www.europesays.com\/pt\/wp-json\/wp\/v2\/tags?post=122054"}],"curies":[{"name":"wp","href":"https:\/\/api.w.org\/{rel}","templated":true}]}}