{"id":122056,"date":"2025-10-22T18:13:10","date_gmt":"2025-10-22T18:13:10","guid":{"rendered":"https:\/\/www.europesays.com\/pt\/122056\/"},"modified":"2025-10-22T18:13:10","modified_gmt":"2025-10-22T18:13:10","slug":"5a-temporada-de-emily-em-paris-divulga-novo-teaser-assista","status":"publish","type":"post","link":"https:\/\/www.europesays.com\/pt\/122056\/","title":{"rendered":"5\u00aa temporada de Emily em Paris divulga novo teaser; assista"},"content":{"rendered":"<p>A <a href=\"https:\/\/tangerina.uol.com.br\/tag\/netflix\/\" target=\"_blank\" rel=\"noreferrer noopener nofollow\">Netflix<\/a> divulgou, nesta quarta-feira (22), o teaser oficial da quinta temporada de Emily em Paris. O v\u00eddeo revela cenas in\u00e9ditas de Emily (Lily Collins) aproveitando a dolce vita em Veneza, na It\u00e1lia, enquanto lida com as surpresas e desafios que o destino reserva. Os 10 epis\u00f3dios ser\u00e3o lan\u00e7ados em 18 de dezembro.<\/p>\n<p>Agora \u00e0 frente da Ag\u00eancia Grateau em Roma, Emily (Lily Collins) enfrenta desafios profissionais e rom\u00e2nticos enquanto se adapta \u00e0 vida em uma nova cidade. Mas, quando uma ideia de trabalho n\u00e3o sai como esperado, as consequ\u00eancias levam a desilus\u00f5es amorosas e obst\u00e1culos em sua carreira. <\/p>\n<p>Em busca de equil\u00edbrio, ela se entrega ao estilo de vida franc\u00eas \u2013at\u00e9 que um grande segredo coloca em risco uma de suas rela\u00e7\u00f5es mais pr\u00f3ximas. Ao encarar os conflitos com honestidade, Emily descobre conex\u00f5es mais profundas, uma clareza renovada e uma nova disposi\u00e7\u00e3o para abra\u00e7ar o inesperado.<\/p>\n<p>Assista:<\/p>\n<p>Elenco da 5\u00aa temporada de Emily em Paris<\/p>\n<li>Lily Collins (Emily Cooper)<\/li>\n<li>Philippine Leroy-Beaulieu (Sylvie Grateau)<\/li>\n<li>Ashley Park (Mindy Chen)<\/li>\n<li>Lucas Bravo (Gabriel)<\/li>\n<li>Samuel Arnold (Julien)<\/li>\n<li>Bruno Gouery (Luc)<\/li>\n<li>William Abadie (Antoine Lambert)<\/li>\n<li>Lucien Laviscount (Alfie)<\/li>\n<li>Eugenio Franceschini (Marcello)<\/li>\n<li>Thalia Besson (Genevieve)<\/li>\n<li>Paul Forman (Nico)<\/li>\n<li>Arnaud Binard (Laurent G)<\/li>\n<li>Minnie Driver (Princesa Jane)<\/li>\n<li>Bryan Greenberg (Jake)<\/li>\n<li>Mich\u00e8le Laroque (Yvette)<\/li>\n<p><strong>LEIA TAMB\u00c9M<\/strong> -&gt; <a href=\"https:\/\/tangerina.uol.com.br\/filmes-series\/10-series-mais-viciantes-da-netflix\/\" target=\"_blank\" rel=\"noreferrer noopener nofollow\">As 10 s\u00e9ries mais viciantes da Netflix \u2013e todas valem o play<\/a><\/p>\n","protected":false},"excerpt":{"rendered":"A Netflix divulgou, nesta quarta-feira (22), o teaser oficial da quinta temporada de Emily em Paris. O v\u00eddeo&hellip;\n","protected":false},"author":2,"featured_media":122057,"comment_status":"","ping_status":"","sticky":false,"template":"","format":"standard","meta":{"footnotes":""},"categories":[142],"tags":[114,115,716,32,33,941,151],"class_list":{"0":"post-122056","1":"post","2":"type-post","3":"status-publish","4":"format-standard","5":"has-post-thumbnail","7":"category-tv","8":"tag-entertainment","9":"tag-entretenimento","10":"tag-netflix","11":"tag-portugal","12":"tag-pt","13":"tag-series","14":"tag-tv"},"share_on_mastodon":{"url":"https:\/\/pubeurope.com\/@pt\/115419178788164638","error":""},"_links":{"self":[{"href":"https:\/\/www.europesays.com\/pt\/wp-json\/wp\/v2\/posts\/122056","targetHints":{"allow":["GET"]}}],"collection":[{"href":"https:\/\/www.europesays.com\/pt\/wp-json\/wp\/v2\/posts"}],"about":[{"href":"https:\/\/www.europesays.com\/pt\/wp-json\/wp\/v2\/types\/post"}],"author":[{"embeddable":true,"href":"https:\/\/www.europesays.com\/pt\/wp-json\/wp\/v2\/users\/2"}],"replies":[{"embeddable":true,"href":"https:\/\/www.europesays.com\/pt\/wp-json\/wp\/v2\/comments?post=122056"}],"version-history":[{"count":0,"href":"https:\/\/www.europesays.com\/pt\/wp-json\/wp\/v2\/posts\/122056\/revisions"}],"wp:featuredmedia":[{"embeddable":true,"href":"https:\/\/www.europesays.com\/pt\/wp-json\/wp\/v2\/media\/122057"}],"wp:attachment":[{"href":"https:\/\/www.europesays.com\/pt\/wp-json\/wp\/v2\/media?parent=122056"}],"wp:term":[{"taxonomy":"category","embeddable":true,"href":"https:\/\/www.europesays.com\/pt\/wp-json\/wp\/v2\/categories?post=122056"},{"taxonomy":"post_tag","embeddable":true,"href":"https:\/\/www.europesays.com\/pt\/wp-json\/wp\/v2\/tags?post=122056"}],"curies":[{"name":"wp","href":"https:\/\/api.w.org\/{rel}","templated":true}]}}