{"id":122071,"date":"2025-10-22T18:26:09","date_gmt":"2025-10-22T18:26:09","guid":{"rendered":"https:\/\/www.europesays.com\/pt\/122071\/"},"modified":"2025-10-22T18:26:09","modified_gmt":"2025-10-22T18:26:09","slug":"livro-de-jaime-telles-em-mais-uma-sessao-de-autografos-blog-do-prisco","status":"publish","type":"post","link":"https:\/\/www.europesays.com\/pt\/122071\/","title":{"rendered":"Livro de Jaime Telles em mais uma sess\u00e3o de aut\u00f3grafos \u2013 Blog do Prisco"},"content":{"rendered":"<p>Lan\u00e7ado no in\u00edcio de setembro pela Editora Huning, o livro \u201cCaminhos e Descaminhos da Orat\u00f3ria\u201d, do escritor e palestrante Jaime Telles, j\u00e1 integra o acervo da Biblioteca P\u00fablica do Estado de Santa Catarina.<\/p>\n<p>O autor foi recebido pela administradora Cleonisse In\u00eas Schmitt em um encontro que reuniu personalidades como a escritora L\u00e9lia Pereira Nunes, presidente da Academia Catarinense de Letras e diretora de Patrim\u00f4nio Cultural da Funda\u00e7\u00e3o Catarinense de Cultura, que representou o Governo do Estado; o antrop\u00f3logo e historiador Dr. Luiz Nilton Corr\u00eaa, presidente do Instituto Hist\u00f3rico e Geogr\u00e1fico de Santa Catarina e ex-presidente do Conselho Estadual de Cultura, entre outros convidados.<\/p>\n<p>Em suas manifesta\u00e7\u00f5es, Jaime Telles reitera que sua obra foi viabilizada por meio de um projeto do Programa de Incentivo \u00e0 Cultura (PIC), do Governo de Santa Catarina, atrav\u00e9s da Funda\u00e7\u00e3o Catarinense de Cultura, com apoio das empresas Celesc, Francisco Lindner S.A. (V\u00e1lvulas RAN), Scherer Auto Pe\u00e7as S\/A, Tinsul Tintas e Grupo Pegoraro.<\/p>\n<p>Gra\u00e7as a esse incentivo, exemplares do livro foram distribu\u00eddos gratuitamente a escolas, bibliotecas, associa\u00e7\u00f5es e secretarias de Educa\u00e7\u00e3o e Cultura de diversos munic\u00edpios catarinenses, ampliando o alcance e a democratiza\u00e7\u00e3o do acesso \u00e0 leitura e \u00e0 orat\u00f3ria.<\/p>\n<p>Para Eliane Huning, presidente do IHGO, \u201cJaime Telles prop\u00f5e uma an\u00e1lise cr\u00edtica e instigante sobre o papel da orat\u00f3ria. Sua escrita combina viv\u00eancia pessoal, reflex\u00e3o te\u00f3rica e aplica\u00e7\u00e3o pr\u00e1tica, num texto que transcende o mero exerc\u00edcio da fala.\u201d<\/p>\n<p>Em recente evento em Herval d\u00b4Oeste, Jaime Telles autografou livros para diversas lideran\u00e7as, inclusive o governador Jorginho Mello e para o vereador Carlos Bolsonaro, que se incumbiu de entregar exemplar autografado para seu pai, o ex-presidente Jair Bolsonaro.<\/p>\n<p>A pr\u00f3xima sess\u00e3o de aut\u00f3grafos ocorrer\u00e1 dia 06 de novembro em Chapec\u00f3, durante o V Encontro Internacional de Hist\u00f3ria, promovido pelo Grupo de Pesquisa CNPq\/UFSM Hist\u00f3ria Platina, em parceria com a C\u00e1tedra Unesco\/UFSM de Humanidades e o Instituto Hist\u00f3rico e Geogr\u00e1fico do Oeste Catarinense (IHGO), do qual Jaime Telles \u00e9 orador e autor do hino.<\/p>\n<p>Atualmente, o escritor dedica-se \u00e0 produ\u00e7\u00e3o de novas obras, conciliando sua rotina com a participa\u00e7\u00e3o em eventos culturais, seja como palestrante ou mestre de cerim\u00f4nias, al\u00e9m das grava\u00e7\u00f5es semanais de seu podcast, o POD.TELLES \u2013 dispon\u00edvel em linktr.ee\/podtelles.<\/p>\n","protected":false},"excerpt":{"rendered":"Lan\u00e7ado no in\u00edcio de setembro pela Editora Huning, o livro \u201cCaminhos e Descaminhos da Orat\u00f3ria\u201d, do escritor e&hellip;\n","protected":false},"author":2,"featured_media":122072,"comment_status":"","ping_status":"","sticky":false,"template":"","format":"standard","meta":{"footnotes":""},"categories":[143],"tags":[169,114,115,170,32,33],"class_list":{"0":"post-122071","1":"post","2":"type-post","3":"status-publish","4":"format-standard","5":"has-post-thumbnail","7":"category-livros","8":"tag-books","9":"tag-entertainment","10":"tag-entretenimento","11":"tag-livros","12":"tag-portugal","13":"tag-pt"},"share_on_mastodon":{"url":"https:\/\/pubeurope.com\/@pt\/115419230839244194","error":""},"_links":{"self":[{"href":"https:\/\/www.europesays.com\/pt\/wp-json\/wp\/v2\/posts\/122071","targetHints":{"allow":["GET"]}}],"collection":[{"href":"https:\/\/www.europesays.com\/pt\/wp-json\/wp\/v2\/posts"}],"about":[{"href":"https:\/\/www.europesays.com\/pt\/wp-json\/wp\/v2\/types\/post"}],"author":[{"embeddable":true,"href":"https:\/\/www.europesays.com\/pt\/wp-json\/wp\/v2\/users\/2"}],"replies":[{"embeddable":true,"href":"https:\/\/www.europesays.com\/pt\/wp-json\/wp\/v2\/comments?post=122071"}],"version-history":[{"count":0,"href":"https:\/\/www.europesays.com\/pt\/wp-json\/wp\/v2\/posts\/122071\/revisions"}],"wp:featuredmedia":[{"embeddable":true,"href":"https:\/\/www.europesays.com\/pt\/wp-json\/wp\/v2\/media\/122072"}],"wp:attachment":[{"href":"https:\/\/www.europesays.com\/pt\/wp-json\/wp\/v2\/media?parent=122071"}],"wp:term":[{"taxonomy":"category","embeddable":true,"href":"https:\/\/www.europesays.com\/pt\/wp-json\/wp\/v2\/categories?post=122071"},{"taxonomy":"post_tag","embeddable":true,"href":"https:\/\/www.europesays.com\/pt\/wp-json\/wp\/v2\/tags?post=122071"}],"curies":[{"name":"wp","href":"https:\/\/api.w.org\/{rel}","templated":true}]}}