{"id":122093,"date":"2025-10-22T18:42:18","date_gmt":"2025-10-22T18:42:18","guid":{"rendered":"https:\/\/www.europesays.com\/pt\/122093\/"},"modified":"2025-10-22T18:42:18","modified_gmt":"2025-10-22T18:42:18","slug":"de-ferias-e-apaixonada-catarina-miranda-vive-o-sonho-mas-nao-perde-oportunidade-de-lancar-farpas-a-ex-concorrentes-secret-story","status":"publish","type":"post","link":"https:\/\/www.europesays.com\/pt\/122093\/","title":{"rendered":"De f\u00e9rias e apaixonada, Catarina Miranda vive o sonho mas n\u00e3o perde oportunidade de lan\u00e7ar farpas a ex-concorrentes &#8211; Secret Story"},"content":{"rendered":"<p data-end=\"1059\" data-start=\"760\">A rela\u00e7\u00e3o de Catarina Miranda e Afonso Leit\u00e3o continua a ser alvo de coment\u00e1rios por parte dos internautas.\u00a0Contudo, nem tudo s\u00e3o rosas fora da casa mais vigiada do pa\u00eds. Entre novas rotinas e compromissos, h\u00e1 amizades que ficaram pelo caminho.<\/p>\n<p data-end=\"1059\" data-start=\"760\">Leia tamb\u00e9m:\u00a0<a href=\"https:\/\/tvi.iol.pt\/secretstory\/afonso-leitao\/marcelo-palma\/retaliacao-marcelo-palma-reage-a-polemica-sobre-a-amizade-com-afonso-leitao-o-gesto-que-todos-repararam\" rel=\"nofollow noopener\" target=\"_blank\">Retalia\u00e7\u00e3o? Marcelo Palma reage \u00e0 pol\u00e9mica sobre a amizade com Afonso Leit\u00e3o: o gesto que todos repararam<\/a><\/p>\n<p data-end=\"1059\" data-start=\"760\">Apaixonaram-se no Big Brother Ver\u00e3o e, pouco tempo depois de sa\u00edrem do programa, oficializaram a rela\u00e7\u00e3o.O pedido de namoro aconteceu num momento especial \u2014 durante a estreia do Momento Certo, da TVI \u2014 e desde ent\u00e3o os dois ex-concorrentes est\u00e3o insepar\u00e1veis.<\/p>\n<p data-end=\"1290\" data-start=\"1061\">Nas redes sociais, uma seguidora decidiu questionar Catarina Miranda sobre as pol\u00e9micas: \u00abO Afonso, como reage quando ouve indiretas sobre voc\u00eas, de ex-concorrentes? Beijinhos\u00bb.<\/p>\n<p data-end=\"1520\" data-start=\"1456\">A resposta da jovem ribatejana n\u00e3o deixou margem para d\u00favidas:\u00a0<strong>\u00abNa verdade, n\u00f3s n\u00e3o ligamos. Por vezes lemos e ouvimos e come\u00e7amos os dois a rir e a gozar com a situa\u00e7\u00e3o\u00bb<\/strong><\/p>\n<p data-end=\"1667\" data-start=\"1633\">E acrescentou: \u00ab\u00c9 que 100% das vezes v\u00eam de pessoas que n\u00e3o s\u00e3o exemplo de nada\u00bb.<\/p>\n<p data-end=\"1667\" data-start=\"1633\"><img decoding=\"async\" alt=\"\" src=\"https:\/\/www.europesays.com\/pt\/wp-content\/uploads\/2025\/10\/catarina.png\"\/><\/p>\n<p data-end=\"1667\" data-start=\"1633\">Veja as imagens da nova &#8216;escapadinha&#8217; de sonho do casal, na galeria acima.<\/p>\n<p data-end=\"1667\" data-start=\"1633\">\u00a0<\/p>\n","protected":false},"excerpt":{"rendered":"A rela\u00e7\u00e3o de Catarina Miranda e Afonso Leit\u00e3o continua a ser alvo de coment\u00e1rios por parte dos internautas.\u00a0Contudo,&hellip;\n","protected":false},"author":2,"featured_media":122094,"comment_status":"","ping_status":"","sticky":false,"template":"","format":"standard","meta":{"footnotes":""},"categories":[142],"tags":[2031,18706,342,114,115,18705,32,33,151,18704],"class_list":{"0":"post-122093","1":"post","2":"type-post","3":"status-publish","4":"format-standard","5":"has-post-thumbnail","7":"category-tv","8":"tag-afonso-leitao","9":"tag-bastidores-secret-story","10":"tag-catarina-miranda","11":"tag-entertainment","12":"tag-entretenimento","13":"tag-entrevistas-concorrentes-tvi","14":"tag-portugal","15":"tag-pt","16":"tag-tv","17":"tag-vida-fora-da-casa"},"share_on_mastodon":{"url":"https:\/\/pubeurope.com\/@pt\/115419292988396387","error":""},"_links":{"self":[{"href":"https:\/\/www.europesays.com\/pt\/wp-json\/wp\/v2\/posts\/122093","targetHints":{"allow":["GET"]}}],"collection":[{"href":"https:\/\/www.europesays.com\/pt\/wp-json\/wp\/v2\/posts"}],"about":[{"href":"https:\/\/www.europesays.com\/pt\/wp-json\/wp\/v2\/types\/post"}],"author":[{"embeddable":true,"href":"https:\/\/www.europesays.com\/pt\/wp-json\/wp\/v2\/users\/2"}],"replies":[{"embeddable":true,"href":"https:\/\/www.europesays.com\/pt\/wp-json\/wp\/v2\/comments?post=122093"}],"version-history":[{"count":0,"href":"https:\/\/www.europesays.com\/pt\/wp-json\/wp\/v2\/posts\/122093\/revisions"}],"wp:featuredmedia":[{"embeddable":true,"href":"https:\/\/www.europesays.com\/pt\/wp-json\/wp\/v2\/media\/122094"}],"wp:attachment":[{"href":"https:\/\/www.europesays.com\/pt\/wp-json\/wp\/v2\/media?parent=122093"}],"wp:term":[{"taxonomy":"category","embeddable":true,"href":"https:\/\/www.europesays.com\/pt\/wp-json\/wp\/v2\/categories?post=122093"},{"taxonomy":"post_tag","embeddable":true,"href":"https:\/\/www.europesays.com\/pt\/wp-json\/wp\/v2\/tags?post=122093"}],"curies":[{"name":"wp","href":"https:\/\/api.w.org\/{rel}","templated":true}]}}