{"id":122107,"date":"2025-10-22T19:00:36","date_gmt":"2025-10-22T19:00:36","guid":{"rendered":"https:\/\/www.europesays.com\/pt\/122107\/"},"modified":"2025-10-22T19:00:36","modified_gmt":"2025-10-22T19:00:36","slug":"inscricoes-abertas-para-lancamentos-de-livros-no-2o-festival-literario-internacional-da-paraiba-governo-da-paraiba","status":"publish","type":"post","link":"https:\/\/www.europesays.com\/pt\/122107\/","title":{"rendered":"Inscri\u00e7\u00f5es abertas para lan\u00e7amentos de livros no 2\u00ba Festival Liter\u00e1rio Internacional da Para\u00edba \u2014 Governo da Para\u00edba"},"content":{"rendered":"<p align=\"justify\" style=\"text-align: justify; \">Est\u00e3o abertas at\u00e9 o dia 31 de outubro as inscri\u00e7\u00f5es para escritores que\u00a0pretendem\u00a0lan\u00e7ar suas publica\u00e7\u00f5es na segunda edi\u00e7\u00e3o do Festival Liter\u00e1rio Internacional da Para\u00edba (FliPara\u00edba), que ser\u00e1 realizada entre os dias 27, 28 e 29 de novembro, no Centro Cultural S\u00e3o Francisco, em Jo\u00e3o Pessoa.<\/p>\n<p align=\"justify\" style=\"text-align: justify; \">O evento \u00e9 uma realiza\u00e7\u00e3o do Governo da Para\u00edba, por meio da Secretaria de Estado da Cultura (Secult-PB), da Funda\u00e7\u00e3o Espa\u00e7o Cultural (Funesc) e da Empresa Paraibana de Comunica\u00e7\u00e3o (EPC), em uma parceria com a Associa\u00e7\u00e3o Portugal Brasil 200 anos.<\/p>\n<p align=\"justify\" style=\"text-align: justify; \">Podem se inscrever, por meio de <a class=\"external-link\" href=\"https:\/\/docs.google.com\/forms\/d\/e\/1FAIpQLSfy2Wo_E_aqnJSyy9R5mwnTw3_vhjXDdAel7FaQv2OedgNdSQ\/viewform\" target=\"_blank\" title=\"\" data-tippreview-enabled=\"false\" data-tippreview-image=\"\" data-tippreview-title=\"\" data-tippreview- rel=\"nofollow noopener\">formul\u00e1rio eletr\u00f4nico<\/a>, autoras e autores paraibanos ou residentes na Para\u00edba h\u00e1 pelo menos\u00a05\u00a0anos, com obras publicadas entre 2024 e 2025 ou ainda no prelo e que n\u00e3o tenham sido lan\u00e7ados na 1\u00aa edi\u00e7\u00e3o do FliPara\u00edba. Ser\u00e3o 54 lan\u00e7amentos distribu\u00eddos nos dias 28 e 29 da programa\u00e7\u00e3o. O regulamento est\u00e1 dispon\u00edvel no mesmo link das inscri\u00e7\u00f5es.<\/p>\n<p align=\"justify\" style=\"text-align: justify; \"><b>2\u00ba FliPara\u00edba<\/b><\/p>\n<p align=\"justify\" style=\"text-align: justify; \">Com o tema \u201cNossa Terra, Nossa Gente: Ancestralidade, Identidade e o Futuro da Democracia\u201d, a 2\u00ba FliPara\u00edba prop\u00f5e um encontro com a terra e com as vozes que a habitam, do barro ancestral \u00e0s redes digitais, dos cantadores aos escritores em tr\u00e2nsito. A proposta curatorial afirma a literatura como campo de disputa simb\u00f3lica e como lugar de mem\u00f3ria, escuta e inven\u00e7\u00e3o coletiva.<\/p>\n<p align=\"justify\" style=\"text-align: justify; \">Mais do que um festival, o FliPara\u00edba\u00a0\u00e9 um\u00a0ato de cidadania cultural. Integra\u00e7\u00e3o e diversidade s\u00e3o os eixos centrais de uma programa\u00e7\u00e3o que valoriza as cosmologias ind\u00edgenas, as heran\u00e7as africanas, os feminismos decoloniais e a pot\u00eancia das periferias. A programa\u00e7\u00e3o completa ser\u00e1 divulgada em breve no <a class=\"external-link\" href=\"https:\/\/www.instagram.com\/fliparaibaoficial\/\" target=\"_blank\" title=\"\" data-tippreview-enabled=\"false\" data-tippreview-image=\"\" data-tippreview-title=\"\" data-tippreview- rel=\"nofollow noopener\">site e redes sociais oficiais<\/a> do evento.<\/p>\n<p>            <script async src=\"\/\/www.instagram.com\/embed.js\"><\/script><\/p>\n","protected":false},"excerpt":{"rendered":"Est\u00e3o abertas at\u00e9 o dia 31 de outubro as inscri\u00e7\u00f5es para escritores que\u00a0pretendem\u00a0lan\u00e7ar suas publica\u00e7\u00f5es na segunda edi\u00e7\u00e3o&hellip;\n","protected":false},"author":2,"featured_media":122108,"comment_status":"","ping_status":"","sticky":false,"template":"","format":"standard","meta":{"footnotes":""},"categories":[143],"tags":[169,114,115,170,32,33],"class_list":{"0":"post-122107","1":"post","2":"type-post","3":"status-publish","4":"format-standard","5":"has-post-thumbnail","7":"category-livros","8":"tag-books","9":"tag-entertainment","10":"tag-entretenimento","11":"tag-livros","12":"tag-portugal","13":"tag-pt"},"share_on_mastodon":{"url":"https:\/\/pubeurope.com\/@pt\/115419363692182637","error":""},"_links":{"self":[{"href":"https:\/\/www.europesays.com\/pt\/wp-json\/wp\/v2\/posts\/122107","targetHints":{"allow":["GET"]}}],"collection":[{"href":"https:\/\/www.europesays.com\/pt\/wp-json\/wp\/v2\/posts"}],"about":[{"href":"https:\/\/www.europesays.com\/pt\/wp-json\/wp\/v2\/types\/post"}],"author":[{"embeddable":true,"href":"https:\/\/www.europesays.com\/pt\/wp-json\/wp\/v2\/users\/2"}],"replies":[{"embeddable":true,"href":"https:\/\/www.europesays.com\/pt\/wp-json\/wp\/v2\/comments?post=122107"}],"version-history":[{"count":0,"href":"https:\/\/www.europesays.com\/pt\/wp-json\/wp\/v2\/posts\/122107\/revisions"}],"wp:featuredmedia":[{"embeddable":true,"href":"https:\/\/www.europesays.com\/pt\/wp-json\/wp\/v2\/media\/122108"}],"wp:attachment":[{"href":"https:\/\/www.europesays.com\/pt\/wp-json\/wp\/v2\/media?parent=122107"}],"wp:term":[{"taxonomy":"category","embeddable":true,"href":"https:\/\/www.europesays.com\/pt\/wp-json\/wp\/v2\/categories?post=122107"},{"taxonomy":"post_tag","embeddable":true,"href":"https:\/\/www.europesays.com\/pt\/wp-json\/wp\/v2\/tags?post=122107"}],"curies":[{"name":"wp","href":"https:\/\/api.w.org\/{rel}","templated":true}]}}