{"id":122111,"date":"2025-10-22T19:03:39","date_gmt":"2025-10-22T19:03:39","guid":{"rendered":"https:\/\/www.europesays.com\/pt\/122111\/"},"modified":"2025-10-22T19:03:39","modified_gmt":"2025-10-22T19:03:39","slug":"bon-jovi-anuncia-sua-primeira-turne-desde-2022","status":"publish","type":"post","link":"https:\/\/www.europesays.com\/pt\/122111\/","title":{"rendered":"Bon Jovi anuncia sua primeira turn\u00ea desde 2022"},"content":{"rendered":"\n<p>Depois de 4 anos, o <strong><a href=\"https:\/\/igormiranda.com.br\/tag\/bon-jovi\/\" target=\"_blank\" rel=\"noreferrer noopener nofollow\">Bon Jovi<\/a><\/strong> sair\u00e1 em turn\u00ea novamente. O grupo confirmou a <strong>\u201cForever Tour\u201d<\/strong> para 2026 ap\u00f3s ter feito seu retorno aos palcos <a href=\"https:\/\/igormiranda.com.br\/2025\/06\/bon-jovi-primeiro-show-completo-desde-2022\/\" target=\"_blank\" rel=\"noreferrer noopener nofollow\">em um evento fechado<\/a> no \u00faltimo m\u00eas de junho. Ser\u00e1 a primeira excurs\u00e3o da banda depois do tratamento nas cordas vocais de <strong><a href=\"https:\/\/igormiranda.com.br\/tag\/jon-bon-jovi\/\" target=\"_blank\" rel=\"noreferrer noopener nofollow\">Jon Bon Jovi<\/a><\/strong>.<\/p>\n<p>Inicialmente, a \u201cForever Tour\u201d contar\u00e1 com apenas sete datas em quatro pa\u00edses. Mesmo assim, Jon se mostrou empolgado com o retorno em nota.<\/p>\n<p>&#8211; Advertisement &#8211;<\/p>\n<p>Ele disse (via <a href=\"https:\/\/blabbermouth.net\/news\/bon-jovi-announces-forever-tour-and-return-to-live-shows-in-2026\" target=\"_blank\" rel=\"noreferrer noopener nofollow\">Blabbermouth<\/a>):<\/p>\n<p>\u201cH\u00e1 muita alegria neste an\u00fancio \u2013 alegria por podermos compartilhar essas noites junto com nossos incr\u00edveis f\u00e3s, e alegria pela banda poder estar unida.\u201d<\/p>\n<p>Os problemas vocais de Jon Bon Jovi foram bem divulgados ao longo dos \u00faltimos anos, inclusive no document\u00e1rio <strong>\u201cThank You, Goodnight: A Hist\u00f3ria de Bon Jovi\u201d<\/strong>. A banda finalmente far\u00e1 a divulga\u00e7\u00e3o do \u00e1lbum \u201cForever\u201d (2004), que j\u00e1 ganhou at\u00e9 uma vers\u00e3o repaginada com participa\u00e7\u00f5es de outros artistas neste ano.<\/p>\n<p>Confira as datas da \u201cForever Tour\u201d:<\/p>\n<ul class=\"wp-block-list\">\n<li>07\/07 \u2013 Nova York, EUA (Madison Square Garden)<\/li>\n<li>09\/07 \u2013 Nova York, EUA (Madison Square Garden)<\/li>\n<li>12\/07 \u2013 Nova York, EUA (Madison Square Garden)<\/li>\n<li>14\/07 \u2013 Nova York, EUA (Madison Square Garden)<\/li>\n<li>28\/08 \u2013 Edimburgo, Esc\u00f3cia, Reino Unido (Scottish Gas Murrayfield Stadium)<\/li>\n<li>30\/08 \u2013 Dublin, Irlanda (Croke Park)<\/li>\n<li>04\/09 \u2013 Londres, Inglaterra, Reino Unido (Wembley Stadium)<\/li>\n<\/ul>\n<p> A cirurgia de Jon Bon Jovi <\/p>\n<p>Diagnosticado com atrofia em uma de suas cordas vocais em 2022, Jon Bon Jovi passou por uma cirurgia na qual m\u00e9dicos colocaram um implante dentro da cartilagem de sua laringe, para aproximar suas dobras vocais.<\/p>\n<p>Em\u00a0<a href=\"https:\/\/igormiranda.com.br\/2024\/04\/jon-bon-jovi-volta-shows-depende-deus\/\" target=\"_blank\" rel=\"noreferrer noopener nofollow\">entrevista<\/a>\u00a0de abril de 2024 ao\u00a0<a href=\"https:\/\/www.etonline.com\/jon-bon-jovi-opens-up-about-health-challenges-and-where-he-stands-with-richie-sambora-exclusive\" rel=\"nofollow noopener\" target=\"_blank\">Entertainment Tonight<\/a>, ao abordar o tema, o cantor manteve o mist\u00e9rio sobre o futuro no ar. De qualquer modo, tamb\u00e9m garantiu estar totalmente empenhado em fazer valer suas \u00faltimas esperan\u00e7as.<\/p>\n<p>\u201cDia ap\u00f3s dia estou trabalhando duro nisso, fazendo terapia vocal sempre que posso. Nada mais importa at\u00e9 que eu trabalhe para melhorar. Neste momento cabe a Deus. De minha parte, fiz tudo que podia.\u201d<\/p>\n<p>Jon tamb\u00e9m garantiu que o retorno aos palcos s\u00f3 aconteceria caso realmente esteja em condi\u00e7\u00f5es de oferecer uma performance digna. Ou seja, truques tecnol\u00f3gicos para \u201cdar uma forcinha\u201d nos vocais estariam fora de cogita\u00e7\u00e3o.<\/p>\n<p>\u201cN\u00e3o vou fingir\u2026. o legado importa demais. N\u00e3o vou comprometer quem somos como banda ao vivo. Gosto de pensar que ainda somos uma banda muito boa. Eu cantei no novo disco. Cantei na cerim\u00f4nia do MusiCares e deu tudo certo.\u201d<\/p>\n<p>A homenagem, que contou com presen\u00e7a de v\u00e1rios \u00eddolos e colegas \u2013 confira detalhes\u00a0<a href=\"https:\/\/igormiranda.com.br\/2024\/02\/jon-bon-jovi-musicares-2024-bruce-springsteen-sammy-hagar-van-halen\/\" rel=\"nofollow noopener\" target=\"_blank\">clicando aqui<\/a>\u00a0\u2013, foi importante para resgatar a autoestima do frontman, ele mesmo reconhece.<\/p>\n<p>\u201cQuando acordei depois daquela noite, foi a primeira vez em uma d\u00e9cada que a \u00fanica voz na minha cabe\u00e7a era a minha \u2013 o medo n\u00e3o estava l\u00e1, a d\u00favida n\u00e3o estava l\u00e1. Minha esposa Dorothea at\u00e9 mandou uma mensagem para nossos filhos dizendo: \u2018Ele est\u00e1 de volta!\u2019.\u201d<\/p>\n<p> \u201cForever\u201d, o novo \u00e1lbum <\/p>\n<p>O\u00a0<strong><a href=\"https:\/\/igormiranda.com.br\/tag\/bon-jovi\/\" target=\"_blank\" rel=\"noreferrer noopener nofollow\">Bon Jovi<\/a><\/strong>\u00a0celebrou os seus 40 anos de trajet\u00f3ria com o \u00e1lbum\u00a0<strong>\u201c<a href=\"https:\/\/igormiranda.com.br\/2024\/06\/bon-jovi-forever-resenha-review\/\" target=\"_blank\" rel=\"noreferrer noopener nofollow\">Forever<\/a>\u201d<\/strong>. Lan\u00e7ado em junho de 2024, o d\u00e9cimo sexto disco da banda conseguiu estrear na\u00a0<strong>quinta posi\u00e7\u00e3o<\/strong>\u00a0da\u00a0<a href=\"https:\/\/www.billboard.com\/charts\/billboard-200\/\" target=\"_blank\" rel=\"noreferrer noopener nofollow\">Billboard 200<\/a>. Em sua primeira semana, o trabalho vendeu cerca de 50 mil c\u00f3pias nos Estados Unidos e ainda conseguiu o topo das paradas Top Album Sales e Top Rock Albums.<\/p>\n<p>Por\u00e9m, apesar do bom desempenho, o disco enfrentou uma deca\u00edda imediata. Conforme apontado pela\u00a0<a href=\"https:\/\/www.forbes.com\/sites\/hughmcintyre\/2024\/07\/05\/bon-jovis-new-album-marks-a-new-low-point-for-the-band\/?fbclid=IwZXh0bgNhZW0CMTEAAR3795qrnSzqpxaa2-0z5q8Khru220BQA1XionU1WH4YWmrU5HlpB7AD9GE_aem_HqP6jpMHYugqywOX6ViSYA\" target=\"_blank\" rel=\"noreferrer noopener nofollow\">Forbes<\/a>, \u201cForever\u201d\u00a0<strong>deixou a Billboard 200<\/strong>\u00a0logo na semana seguinte \u00e0 estreia \u2014 ou seja, saindo do 5\u00ba lugar para\u00a0<strong>abaixo da 200\u00aa coloca\u00e7\u00e3o<\/strong>\u00a0em sete dias.\u00a0<\/p>\n<p>\u00c9 a primeira vez em que um \u00e1lbum de est\u00fadio do Bon Jovi permaneceu uma \u00fanica semana no ranking.\u00a0<strong>\u201cInside Out\u201d<\/strong>\u00a0(2012), cujo pico foi o 196\u00ba lugar, tamb\u00e9m enfrentou a mesma situa\u00e7\u00e3o. Diferentemente, \u00e9 um disco ao vivo e n\u00e3o um material in\u00e9dito.\u00a0<\/p>\n<p><strong>Clique<\/strong> para seguir IgorMiranda.com.br no: <a href=\"https:\/\/instagram.com\/igormirandasite\" target=\"_blank\" rel=\"noreferrer noopener nofollow\">Instagram<\/a> | <a href=\"https:\/\/bsky.app\/profile\/igormirandasite.bsky.social\" target=\"_blank\" rel=\"noreferrer noopener nofollow\">Bluesky<\/a> | <a href=\"https:\/\/twitter.com\/igormirandasite\" target=\"_blank\" rel=\"noreferrer noopener nofollow\">Twitter<\/a> | <a href=\"https:\/\/tiktok.com\/@igormirandasite\" target=\"_blank\" rel=\"noreferrer noopener nofollow\">TikTok<\/a> | <a href=\"https:\/\/facebook.com\/igormirandasite\" target=\"_blank\" rel=\"noreferrer noopener nofollow\">Facebook<\/a> | <a href=\"https:\/\/www.youtube.com\/igormirandasite\" target=\"_blank\" rel=\"noreferrer noopener nofollow\">YouTube<\/a> | <a href=\"https:\/\/www.threads.net\/@igormirandasite\" target=\"_blank\" rel=\"noreferrer noopener nofollow\">Threads<\/a>.<\/p>\n<p> <script async src=\"https:\/\/platform.twitter.com\/widgets.js\" charset=\"utf-8\"><\/script><script async src=\"\/\/www.instagram.com\/embed.js\"><\/script><script async src=\"\/\/www.tiktok.com\/embed.js\"><\/script><\/p>\n","protected":false},"excerpt":{"rendered":"Depois de 4 anos, o Bon Jovi sair\u00e1 em turn\u00ea novamente. O grupo confirmou a \u201cForever Tour\u201d para&hellip;\n","protected":false},"author":2,"featured_media":122112,"comment_status":"","ping_status":"","sticky":false,"template":"","format":"standard","meta":{"footnotes":""},"categories":[141],"tags":[14050,114,115,149,150,32,33],"class_list":{"0":"post-122111","1":"post","2":"type-post","3":"status-publish","4":"format-standard","5":"has-post-thumbnail","7":"category-musica","8":"tag-bon-jovi","9":"tag-entertainment","10":"tag-entretenimento","11":"tag-music","12":"tag-musica","13":"tag-portugal","14":"tag-pt"},"share_on_mastodon":{"url":"https:\/\/pubeurope.com\/@pt\/115419375581468093","error":""},"_links":{"self":[{"href":"https:\/\/www.europesays.com\/pt\/wp-json\/wp\/v2\/posts\/122111","targetHints":{"allow":["GET"]}}],"collection":[{"href":"https:\/\/www.europesays.com\/pt\/wp-json\/wp\/v2\/posts"}],"about":[{"href":"https:\/\/www.europesays.com\/pt\/wp-json\/wp\/v2\/types\/post"}],"author":[{"embeddable":true,"href":"https:\/\/www.europesays.com\/pt\/wp-json\/wp\/v2\/users\/2"}],"replies":[{"embeddable":true,"href":"https:\/\/www.europesays.com\/pt\/wp-json\/wp\/v2\/comments?post=122111"}],"version-history":[{"count":0,"href":"https:\/\/www.europesays.com\/pt\/wp-json\/wp\/v2\/posts\/122111\/revisions"}],"wp:featuredmedia":[{"embeddable":true,"href":"https:\/\/www.europesays.com\/pt\/wp-json\/wp\/v2\/media\/122112"}],"wp:attachment":[{"href":"https:\/\/www.europesays.com\/pt\/wp-json\/wp\/v2\/media?parent=122111"}],"wp:term":[{"taxonomy":"category","embeddable":true,"href":"https:\/\/www.europesays.com\/pt\/wp-json\/wp\/v2\/categories?post=122111"},{"taxonomy":"post_tag","embeddable":true,"href":"https:\/\/www.europesays.com\/pt\/wp-json\/wp\/v2\/tags?post=122111"}],"curies":[{"name":"wp","href":"https:\/\/api.w.org\/{rel}","templated":true}]}}