{"id":122118,"date":"2025-10-22T19:07:50","date_gmt":"2025-10-22T19:07:50","guid":{"rendered":"https:\/\/www.europesays.com\/pt\/122118\/"},"modified":"2025-10-22T19:07:50","modified_gmt":"2025-10-22T19:07:50","slug":"familia-de-leandro-ja-reagiu-aos-comentarios-polemicos-de-dylan-repudiamos-qualquer","status":"publish","type":"post","link":"https:\/\/www.europesays.com\/pt\/122118\/","title":{"rendered":"Fam\u00edlia de Leandro j\u00e1 reagiu aos coment\u00e1rios pol\u00e9micos de Dylan: &#8220;Repudiamos qualquer &#8230;&#8221;"},"content":{"rendered":"<p>\t\t\t\t\t\t\t\t\t\t\t\t<a href=\"#\" onclick=\"window.open('http:\/\/www.facebook.com\/sharer.php?u=https:\/\/cusquices.com\/familia-de-leandro-ja-reagiu-aos-comentarios-polemicos-de-dylan-repudiamos-qualquer\/&amp;t=Fam\u00edlia de Leandro j\u00e1 reagiu aos coment\u00e1rios pol\u00e9micos de Dylan: \u201cRepudiamos qualquer \u2026\u201d', 'facebookShare', 'width=626,height=436'); return false;\" title=\"Share on Facebook\"><\/p>\n<p>Share<\/p>\n<p><\/a><br \/>\n\t\t\t\t\t\t\t\t\t\t\t\t<a href=\"#\" onclick=\"window.open('http:\/\/twitter.com\/share?text=Fam\u00edlia de Leandro j\u00e1 reagiu aos coment\u00e1rios pol\u00e9micos de Dylan: \u201cRepudiamos qualquer \u2026\u201d -&amp;url=https:\/\/cusquices.com\/familia-de-leandro-ja-reagiu-aos-comentarios-polemicos-de-dylan-repudiamos-qualquer\/', 'twitterShare', 'width=626,height=436'); return false;\" title=\"Tweet This Post\"><\/p>\n<p>Tweet<\/p>\n<p><\/a><br \/>\n\t\t\t\t\t\t\t\t\t\t\t\t<a href=\"whatsapp:\/\/send?text=Fam\u00edlia de Leandro j\u00e1 reagiu aos coment\u00e1rios pol\u00e9micos de Dylan: \u201cRepudiamos qualquer \u2026\u201d https:\/\/cusquices.com\/familia-de-leandro-ja-reagiu-aos-comentarios-polemicos-de-dylan-repudiamos-qualquer\/\" rel=\"nofollow\"><\/p>\n<p>Share<\/p>\n<p><\/a><br \/>\n\t\t\t\t\t\t\t\t\t\t\t\t<a href=\"#\" onclick=\"window.open('http:\/\/pinterest.com\/pin\/create\/button\/?url=https:\/\/cusquices.com\/familia-de-leandro-ja-reagiu-aos-comentarios-polemicos-de-dylan-repudiamos-qualquer\/&amp;media=https:\/\/cusquices.com\/wp-content\/uploads\/2025\/10\/leandro-ss-1000x600.jpg&amp;description=Fam\u00edlia de Leandro j\u00e1 reagiu aos coment\u00e1rios pol\u00e9micos de Dylan: \u201cRepudiamos qualquer \u2026\u201d', 'pinterestShare', 'width=750,height=350'); return false;\" title=\"Pin This Post\"><\/p>\n<p>Share<\/p>\n<p><\/a><br \/>\n\t\t\t\t\t\t\t\t\t\t\t\t<a href=\"mailto:?subject=Fam\u00edlia de Leandro j\u00e1 reagiu aos coment\u00e1rios pol\u00e9micos de Dylan: \u201cRepudiamos qualquer \u2026\u201d&amp;BODY=I found this article interesting and thought of sharing it with you. Check it out: https:\/\/cusquices.com\/familia-de-leandro-ja-reagiu-aos-comentarios-polemicos-de-dylan-repudiamos-qualquer\/\"><\/p>\n<p>Email<\/p>\n<p><\/a><br \/>\n\t\t\t\t\t\t\t\t\t\t\t\t\t\t\t\t\t\t\t\t\t\t\t\t\t\t\t\t\t\t\t\t\t\t\t\t\t\t\t\t\t\t\t\t\t\t\t\t\t\t\t\t\t<a href=\"https:\/\/cusquices.com\/familia-de-leandro-ja-reagiu-aos-comentarios-polemicos-de-dylan-repudiamos-qualquer\/#respond\" rel=\"nofollow noopener\" target=\"_blank\"><\/p>\n<p>Fam\u00edlia de Leandro mostra-se cansada dos coment\u00e1rios \u2018ofensivos\u2019, \u2018difamat\u00f3rios\u2019 que o concorrente tem sido alvo e apela para que sejam tomadas medidas.<\/p>\n<p><a href=\"https:\/\/cusquices.com\/comentario-polemico-de-dylan-sobre-leandro-gera-onda-de-revolta-nas-redes-sociais\/\" rel=\"nofollow noopener\" target=\"_blank\">Dylan est\u00e1 novamente debaixo de fogo, ap\u00f3s ter feito um coment\u00e1rio pol\u00e9mico sobre Leandro.<\/a> As redes sociais est\u00e3o ao rubro e apelam para que sejam tomadas medidas.<\/p>\n<p>\u201c<strong>Olha a carinha de panasca dele<\/strong>\u201c, atirou Dylan entre risos com Bruno e In\u00eas, enquanto Leandro \u2018discutia\u2019 com Raquel. O momento n\u00e3o passou despercebido e c\u00e1 fora, os f\u00e3s do reality est\u00e3o indignados.<\/p>\n<p>A fam\u00edlia de Leandro j\u00e1 reagiu \u00e0 pol\u00e9mica e emitiram um comunicado onde se mostraram indignados:<strong> \u201cA fam\u00edlia de Leandro manifesta-se sobre os coment\u00e1rios ofensivos, discriminat\u00f3rios e amea\u00e7as de agress\u00e3o f\u00edsica de que ele tem sido alvo desde o in\u00edcio do programa.\u201d, <\/strong>come\u00e7aram por dizer.<\/p>\n<p>A fam\u00edlia do concorrente mostrou-se revoltada com todos os coment\u00e1rios ofensivos que o concorrente tem sido alvo e apelam por uma san\u00e7\u00e3o: <strong>\u201cRepudiamos qualquer forma de ofensa, discrimina\u00e7\u00e3o, viol\u00eancia ou discurso de \u00f3dio. Tais comportamentos s\u00e3o inaceit\u00e1veis e devem ser sancionados dentro do programa, assim como seriam na sociedade \u2013 nem em rela\u00e7\u00e3o ao Leandro, nem a qualquer outro concorrente.\u201d<\/strong><\/p>\n<p><strong>\u201cO respeito, a dignidade e a igualdade devem prevalecer \u2013 sempre.\u201d,<\/strong> remataram.<\/p>\n<p><img loading=\"lazy\" decoding=\"async\" width=\"578\" height=\"1024\" src=\"https:\/\/www.europesays.com\/pt\/wp-content\/uploads\/2025\/10\/comunicado-familialeandro-578x1024.png\" alt=\"\" class=\"wp-image-99547 webpexpress-processed\"  \/><\/p>\n<p>\t\t\t\t\t\t\t\t\t\t\t\t\t\t\t\t\t\t\t\t\t\t\t\t\t<img decoding=\"async\" src=\"https:\/\/www.europesays.com\/pt\/wp-content\/uploads\/2025\/10\/cusquices-logo-52x.png\" class=\"webpexpress-processed\"\/><\/p>\n<p>\t\t\t\t\t\t\t\t\t\t\t\t\t\t\t\t\t\t\t\t\t            \t\t\t\t\t\t\t\t\t\t\t\t\t\t\t\t\t\t\t\t\t\t\t\t\t\t\t\t\t\t\t\t\t\t\t\t\t\t\t<script async src=\"https:\/\/platform.twitter.com\/widgets.js\" charset=\"utf-8\"><\/script><\/p>\n","protected":false},"excerpt":{"rendered":"Share Tweet Share Share Email Fam\u00edlia de Leandro mostra-se cansada dos coment\u00e1rios \u2018ofensivos\u2019, \u2018difamat\u00f3rios\u2019 que o concorrente tem&hellip;\n","protected":false},"author":2,"featured_media":122119,"comment_status":"","ping_status":"","sticky":false,"template":"","format":"standard","meta":{"footnotes":""},"categories":[85],"tags":[2632,49,19105,114,115,12397,32,33],"class_list":{"0":"post-122118","1":"post","2":"type-post","3":"status-publish","4":"format-standard","5":"has-post-thumbnail","7":"category-entretenimento","8":"tag-casa-dos-segredos","9":"tag-destaques","10":"tag-dylan","11":"tag-entertainment","12":"tag-entretenimento","13":"tag-leandro","14":"tag-portugal","15":"tag-pt"},"share_on_mastodon":{"url":"https:\/\/pubeurope.com\/@pt\/115419395305769084","error":""},"_links":{"self":[{"href":"https:\/\/www.europesays.com\/pt\/wp-json\/wp\/v2\/posts\/122118","targetHints":{"allow":["GET"]}}],"collection":[{"href":"https:\/\/www.europesays.com\/pt\/wp-json\/wp\/v2\/posts"}],"about":[{"href":"https:\/\/www.europesays.com\/pt\/wp-json\/wp\/v2\/types\/post"}],"author":[{"embeddable":true,"href":"https:\/\/www.europesays.com\/pt\/wp-json\/wp\/v2\/users\/2"}],"replies":[{"embeddable":true,"href":"https:\/\/www.europesays.com\/pt\/wp-json\/wp\/v2\/comments?post=122118"}],"version-history":[{"count":0,"href":"https:\/\/www.europesays.com\/pt\/wp-json\/wp\/v2\/posts\/122118\/revisions"}],"wp:featuredmedia":[{"embeddable":true,"href":"https:\/\/www.europesays.com\/pt\/wp-json\/wp\/v2\/media\/122119"}],"wp:attachment":[{"href":"https:\/\/www.europesays.com\/pt\/wp-json\/wp\/v2\/media?parent=122118"}],"wp:term":[{"taxonomy":"category","embeddable":true,"href":"https:\/\/www.europesays.com\/pt\/wp-json\/wp\/v2\/categories?post=122118"},{"taxonomy":"post_tag","embeddable":true,"href":"https:\/\/www.europesays.com\/pt\/wp-json\/wp\/v2\/tags?post=122118"}],"curies":[{"name":"wp","href":"https:\/\/api.w.org\/{rel}","templated":true}]}}