{"id":122130,"date":"2025-10-22T19:16:39","date_gmt":"2025-10-22T19:16:39","guid":{"rendered":"https:\/\/www.europesays.com\/pt\/122130\/"},"modified":"2025-10-22T19:16:39","modified_gmt":"2025-10-22T19:16:39","slug":"lancamento-do-livro-codigo-para-empreender-reune-experiencias-reais-de-empresarios-em-pocos-de-caldas","status":"publish","type":"post","link":"https:\/\/www.europesays.com\/pt\/122130\/","title":{"rendered":"Lan\u00e7amento do livro \u201cC\u00f3digo para Empreender\u201d re\u00fane experi\u00eancias reais de empres\u00e1rios em Po\u00e7os de Caldas"},"content":{"rendered":"<p class=\"post-modified-info\">Atualizado em 22 de outubro de 2025 <\/p>\n<p>O Art Caf\u00e9, em Po\u00e7os de Caldas, recebe na pr\u00f3xima sexta-feira, 24 de outubro de 2025, \u00e0s 17h, o lan\u00e7amento do livro \u201cC\u00f3digo para Empreender \u2013 F\u00f3rmulas Reais de Quem Faz e Acontece\u201d, organizado por Karine Lima e publicado pela Editora Lisboa.<\/p>\n<p><img fetchpriority=\"high\" decoding=\"async\" class=\" wp-image-44473 aligncenter\" src=\"https:\/\/www.europesays.com\/pt\/wp-content\/uploads\/2025\/10\/LIVRO-2210.webp.webp\" alt=\"\" width=\"829\" height=\"1154\"  \/><\/p>\n<p>A obra nasceu com o prop\u00f3sito de reunir experi\u00eancias, aprendizados e estrat\u00e9gias de empres\u00e1rios que se tornaram refer\u00eancia em seus segmentos, oferecendo uma leitura pr\u00e1tica e inspiradora para quem deseja fortalecer e expandir seus neg\u00f3cios. Cada cap\u00edtulo \u00e9 um convite para mergulhar em temas que sustentam o empreendedorismo e impulsionam o crescimento profissional.<\/p>\n<p>Na quarta capa, o texto destaca que empreender \u00e9 \u201cmergulhar em um universo desafiador, repleto de incertezas, riscos e decis\u00f5es que podem mudar o rumo de um neg\u00f3cio em quest\u00e3o de segundos\u201d. O livro ressalta que o caminho do empreendedorismo exige coragem, resili\u00eancia e criatividade, mas se torna mais leve quando h\u00e1 troca de experi\u00eancias e orienta\u00e7\u00e3o de quem j\u00e1 percorreu essa jornada.<\/p>\n<p>O evento promete reunir empres\u00e1rios, empreendedores e leitores interessados em hist\u00f3rias reais de supera\u00e7\u00e3o e inova\u00e7\u00e3o no mundo dos neg\u00f3cios.<\/p>\n<p>\ud83d\udccd Local: Art Caf\u00e9 \u2013 Rua Paran\u00e1, 487, Centro, Po\u00e7os de Caldas\/MG<br \/>\ud83d\uddd3 Data: 24\/10\/2025 (sexta-feira)<br \/>\u23f0 Hor\u00e1rio: 17h<\/p>\n","protected":false},"excerpt":{"rendered":"Atualizado em 22 de outubro de 2025 O Art Caf\u00e9, em Po\u00e7os de Caldas, recebe na pr\u00f3xima sexta-feira,&hellip;\n","protected":false},"author":2,"featured_media":122131,"comment_status":"","ping_status":"","sticky":false,"template":"","format":"standard","meta":{"footnotes":""},"categories":[143],"tags":[169,114,115,170,32,33],"class_list":{"0":"post-122130","1":"post","2":"type-post","3":"status-publish","4":"format-standard","5":"has-post-thumbnail","7":"category-livros","8":"tag-books","9":"tag-entertainment","10":"tag-entretenimento","11":"tag-livros","12":"tag-portugal","13":"tag-pt"},"share_on_mastodon":{"url":"https:\/\/pubeurope.com\/@pt\/115419426690547300","error":""},"_links":{"self":[{"href":"https:\/\/www.europesays.com\/pt\/wp-json\/wp\/v2\/posts\/122130","targetHints":{"allow":["GET"]}}],"collection":[{"href":"https:\/\/www.europesays.com\/pt\/wp-json\/wp\/v2\/posts"}],"about":[{"href":"https:\/\/www.europesays.com\/pt\/wp-json\/wp\/v2\/types\/post"}],"author":[{"embeddable":true,"href":"https:\/\/www.europesays.com\/pt\/wp-json\/wp\/v2\/users\/2"}],"replies":[{"embeddable":true,"href":"https:\/\/www.europesays.com\/pt\/wp-json\/wp\/v2\/comments?post=122130"}],"version-history":[{"count":0,"href":"https:\/\/www.europesays.com\/pt\/wp-json\/wp\/v2\/posts\/122130\/revisions"}],"wp:featuredmedia":[{"embeddable":true,"href":"https:\/\/www.europesays.com\/pt\/wp-json\/wp\/v2\/media\/122131"}],"wp:attachment":[{"href":"https:\/\/www.europesays.com\/pt\/wp-json\/wp\/v2\/media?parent=122130"}],"wp:term":[{"taxonomy":"category","embeddable":true,"href":"https:\/\/www.europesays.com\/pt\/wp-json\/wp\/v2\/categories?post=122130"},{"taxonomy":"post_tag","embeddable":true,"href":"https:\/\/www.europesays.com\/pt\/wp-json\/wp\/v2\/tags?post=122130"}],"curies":[{"name":"wp","href":"https:\/\/api.w.org\/{rel}","templated":true}]}}