{"id":122144,"date":"2025-10-22T19:31:01","date_gmt":"2025-10-22T19:31:01","guid":{"rendered":"https:\/\/www.europesays.com\/pt\/122144\/"},"modified":"2025-10-22T19:31:01","modified_gmt":"2025-10-22T19:31:01","slug":"danya-grande-mestre-de-xadrez-morre-aos-29-anos","status":"publish","type":"post","link":"https:\/\/www.europesays.com\/pt\/122144\/","title":{"rendered":"Danya, grande mestre de xadrez, morre aos 29 anos"},"content":{"rendered":"<p>Daniel Naroditsky, tamb\u00e9m conhecido no meio do xadrez por Danya, faleceu aos 29 anos. Em 2013, aos 18 anos, o norte-americano tinha recebido o t\u00edtulo de grande mestre.<\/p>\n<p data-remotead-prev-elm=\"true\" data-remotead-elm-id=\"inread\">A not\u00edcia foi comunicada pelos Charlotte Chess Center, equipa que representava: &#8220;\u00c9 com muita tristeza que partilhamos o falecimento inesperado de Daniel Naroditsky. Daniel era um talentoso jogador de xadrez, comentador e membro estimado da comunidade. Era um filho, irm\u00e3o e amigo leal. Vamos honrar o Daniel e relembrar a sua paix\u00e3o pelo xadrez e inspira\u00e7\u00e3o que nos transmitiu todos os dias&#8221;, escreveram numa nota de comunicado.<\/p>\n<p>No mundo do xadrez t\u00eam sido v\u00e1rias as homenagens prestadas, como \u00e9 o caso da lenda Garry Kasparov: &#8220;O talento, a criatividade e o amor de Danya pelo xadrez inspiraram todos que o conheceram, desde alunos at\u00e9 outros competidores&#8221;, pode ler-se numa publica\u00e7\u00e3o na rede social X.<\/p>\n<blockquote class=\"twitter-tweet\">\n<p>The Naroditsky family shares the sad news of Daniel&#8221;s unexpected passing. Daniel was a talented chess player, educator, and beloved member of the chess community. We ask for privacy as the family grieves. <a href=\"https:\/\/t.co\/otNdUxDKtL\" rel=\"nofollow\">pic.twitter.com\/otNdUxDKtL<\/a><\/p>\n<p>&#8211; Charlotte Chess Center (@CLTchesscenter) <a href=\"https:\/\/twitter.com\/CLTchesscenter\/status\/1980312444762546352?ref_src=twsrc%5Etfw\" rel=\"nofollow noopener\" target=\"_blank\">October 20, 2025<\/a><\/p><\/blockquote>\n<blockquote class=\"twitter-tweet\">\n<p>The Naroditsky family shares the sad news of Daniel&#8221;s unexpected passing. Daniel was a talented chess player, educator, and beloved member of the chess community. We ask for privacy as the family grieves. <a href=\"https:\/\/t.co\/otNdUxDKtL\" rel=\"nofollow\">pic.twitter.com\/otNdUxDKtL<\/a><\/p>\n<p>&#8211; Charlotte Chess Center (@CLTchesscenter) <a href=\"https:\/\/twitter.com\/CLTchesscenter\/status\/1980312444762546352?ref_src=twsrc%5Etfw\" rel=\"nofollow noopener\" target=\"_blank\">October 20, 2025<\/a><\/p><\/blockquote>\n<p><script async src=\"https:\/\/platform.twitter.com\/widgets.js\" charset=\"utf-8\"><\/script><\/p>\n","protected":false},"excerpt":{"rendered":"Daniel Naroditsky, tamb\u00e9m conhecido no meio do xadrez por Danya, faleceu aos 29 anos. Em 2013, aos 18&hellip;\n","protected":false},"author":2,"featured_media":122145,"comment_status":"","ping_status":"","sticky":false,"template":"","format":"standard","meta":{"footnotes":""},"categories":[8],"tags":[27,28,135,15,16,14,25,26,21,22,12,13,19,20,32,23,24,33,17,18,29,30,31,26350],"class_list":{"0":"post-122144","1":"post","2":"type-post","3":"status-publish","4":"format-standard","5":"has-post-thumbnail","7":"category-principais-noticias","8":"tag-breaking-news","9":"tag-breakingnews","10":"tag-desporto","11":"tag-featured-news","12":"tag-featurednews","13":"tag-headlines","14":"tag-latest-news","15":"tag-latestnews","16":"tag-main-news","17":"tag-mainnews","18":"tag-news","19":"tag-noticias","20":"tag-noticias-principais","21":"tag-noticiasprincipais","22":"tag-portugal","23":"tag-principais-noticias","24":"tag-principaisnoticias","25":"tag-pt","26":"tag-top-stories","27":"tag-topstories","28":"tag-ultimas","29":"tag-ultimas-noticias","30":"tag-ultimasnoticias","31":"tag-xadrez"},"share_on_mastodon":{"url":"","error":""},"_links":{"self":[{"href":"https:\/\/www.europesays.com\/pt\/wp-json\/wp\/v2\/posts\/122144","targetHints":{"allow":["GET"]}}],"collection":[{"href":"https:\/\/www.europesays.com\/pt\/wp-json\/wp\/v2\/posts"}],"about":[{"href":"https:\/\/www.europesays.com\/pt\/wp-json\/wp\/v2\/types\/post"}],"author":[{"embeddable":true,"href":"https:\/\/www.europesays.com\/pt\/wp-json\/wp\/v2\/users\/2"}],"replies":[{"embeddable":true,"href":"https:\/\/www.europesays.com\/pt\/wp-json\/wp\/v2\/comments?post=122144"}],"version-history":[{"count":0,"href":"https:\/\/www.europesays.com\/pt\/wp-json\/wp\/v2\/posts\/122144\/revisions"}],"wp:featuredmedia":[{"embeddable":true,"href":"https:\/\/www.europesays.com\/pt\/wp-json\/wp\/v2\/media\/122145"}],"wp:attachment":[{"href":"https:\/\/www.europesays.com\/pt\/wp-json\/wp\/v2\/media?parent=122144"}],"wp:term":[{"taxonomy":"category","embeddable":true,"href":"https:\/\/www.europesays.com\/pt\/wp-json\/wp\/v2\/categories?post=122144"},{"taxonomy":"post_tag","embeddable":true,"href":"https:\/\/www.europesays.com\/pt\/wp-json\/wp\/v2\/tags?post=122144"}],"curies":[{"name":"wp","href":"https:\/\/api.w.org\/{rel}","templated":true}]}}