{"id":122150,"date":"2025-10-22T19:37:19","date_gmt":"2025-10-22T19:37:19","guid":{"rendered":"https:\/\/www.europesays.com\/pt\/122150\/"},"modified":"2025-10-22T19:37:19","modified_gmt":"2025-10-22T19:37:19","slug":"tensao-no-grupo-pedro-fala-em-bananas-e-marisa-susana-perde-a-paciencia-secret-story","status":"publish","type":"post","link":"https:\/\/www.europesays.com\/pt\/122150\/","title":{"rendered":"Tens\u00e3o no grupo: Pedro fala em \u201cbananas\u201d e Marisa Susana perde a paci\u00eancia &#8211; Secret Story"},"content":{"rendered":"<p>No Secret Story 9, na mesa de refei\u00e7\u00f5es, a Marisa Susana confronta o Pedro, depois de o concorrente dizer que se sente ofuscado pelo seu grupo. O Pedro tenta justificar-se, mas a Marisa Susana amea\u00e7a afastar-se do colega para n\u00e3o o ofuscar. Exaltado, o Pedro explica que a imagem que passa para \u201cos bananas\u201d do grupo advers\u00e1rio, \u00e9 que dentro do seu pr\u00f3prio grupo n\u00e3o tem destaque. As Marisas consideram que o Pedro se deixou levar pela opini\u00e3o da Ana e a Marisa Susana conclui que o concorrente tem alguma liga\u00e7\u00e3o \u00e0 Ana para dar tanta import\u00e2ncia ao que diz.<\/p>\n","protected":false},"excerpt":{"rendered":"No Secret Story 9, na mesa de refei\u00e7\u00f5es, a Marisa Susana confronta o Pedro, depois de o concorrente&hellip;\n","protected":false},"author":2,"featured_media":122151,"comment_status":"","ping_status":"","sticky":false,"template":"","format":"standard","meta":{"footnotes":""},"categories":[142],"tags":[114,115,19033,19034,21416,32,33,151,19032],"class_list":{"0":"post-122150","1":"post","2":"type-post","3":"status-publish","4":"format-standard","5":"has-post-thumbnail","7":"category-tv","8":"tag-entertainment","9":"tag-entretenimento","10":"tag-galas-em-video","11":"tag-melhores-momentos-casa-dos-segredos","12":"tag-pedro-jorge","13":"tag-portugal","14":"tag-pt","15":"tag-tv","16":"tag-videos-secret-story-tvi"},"share_on_mastodon":{"url":"https:\/\/pubeurope.com\/@pt\/115419509306442797","error":""},"_links":{"self":[{"href":"https:\/\/www.europesays.com\/pt\/wp-json\/wp\/v2\/posts\/122150","targetHints":{"allow":["GET"]}}],"collection":[{"href":"https:\/\/www.europesays.com\/pt\/wp-json\/wp\/v2\/posts"}],"about":[{"href":"https:\/\/www.europesays.com\/pt\/wp-json\/wp\/v2\/types\/post"}],"author":[{"embeddable":true,"href":"https:\/\/www.europesays.com\/pt\/wp-json\/wp\/v2\/users\/2"}],"replies":[{"embeddable":true,"href":"https:\/\/www.europesays.com\/pt\/wp-json\/wp\/v2\/comments?post=122150"}],"version-history":[{"count":0,"href":"https:\/\/www.europesays.com\/pt\/wp-json\/wp\/v2\/posts\/122150\/revisions"}],"wp:featuredmedia":[{"embeddable":true,"href":"https:\/\/www.europesays.com\/pt\/wp-json\/wp\/v2\/media\/122151"}],"wp:attachment":[{"href":"https:\/\/www.europesays.com\/pt\/wp-json\/wp\/v2\/media?parent=122150"}],"wp:term":[{"taxonomy":"category","embeddable":true,"href":"https:\/\/www.europesays.com\/pt\/wp-json\/wp\/v2\/categories?post=122150"},{"taxonomy":"post_tag","embeddable":true,"href":"https:\/\/www.europesays.com\/pt\/wp-json\/wp\/v2\/tags?post=122150"}],"curies":[{"name":"wp","href":"https:\/\/api.w.org\/{rel}","templated":true}]}}