{"id":122156,"date":"2025-10-22T19:41:18","date_gmt":"2025-10-22T19:41:18","guid":{"rendered":"https:\/\/www.europesays.com\/pt\/122156\/"},"modified":"2025-10-22T19:41:18","modified_gmt":"2025-10-22T19:41:18","slug":"estudos-avaliam-previsao-para-prep-injetavel-ficar-disponivel-pelo-sus","status":"publish","type":"post","link":"https:\/\/www.europesays.com\/pt\/122156\/","title":{"rendered":"Estudos avaliam previs\u00e3o para PrEP injet\u00e1vel ficar dispon\u00edvel pelo SUS"},"content":{"rendered":"<p>Parceiro<\/p>\n<p><img loading=\"lazy\" decoding=\"async\" width=\"115\" height=\"32\" id=\"image-61-311635\" alt=\"Terra\" src=\"data:image\/svg+xml,%3Csvg%20xmlns=\" http:=\"\" class=\"ct-image\"  data-lazy- data-lazy-src=\"https:\/\/www.europesays.com\/pt\/wp-content\/uploads\/2025\/10\/terra-logo-parceiro.webp.webp\"\/><img decoding=\"async\" id=\"image-mat\" alt=\"Estudos avaliam previs\u00e3o para PrEP injet\u00e1vel ficar dispon\u00edvel pelo SUS\" src=\"data:image\/svg+xml,%3Csvg%20xmlns=\" http:=\"\" class=\"ct-image rd-5 box-shadow-1\" data-lazy- data-lazy- data-lazy-src=\"https:\/\/www.europesays.com\/pt\/wp-content\/uploads\/2025\/10\/OQPiWMpo-istockphoto-1406543307-612x612-1.webp.webp\"\/>(foto: iStock)<\/p>\n<p class=\"img-caption\">Estudos avaliam previs\u00e3o para PrEP injet\u00e1vel ficar dispon\u00edvel pelo SUS<\/p>\n<p>O primeiro medicamento injet\u00e1vel de longa a\u00e7\u00e3o capaz de prevenir contra o <strong>HIV <\/strong>foi finalmente disponibilizado no Brasil. Comparado em sua a\u00e7\u00e3o \u00e0 <strong>PrEP <\/strong>(profilaxia pr\u00e9-exposi\u00e7\u00e3o), ele traz a vantagem de contar com efeitos que perduram por at\u00e9 60 dias.<\/p>\n<p>O PrEP injet\u00e1vel, como tamb\u00e9m \u00e9 chamado, pertence a farmac\u00eautica GSK, sob um custeio de R$ 4 mil, e ainda n\u00e3o tem previs\u00e3o de chegar ao SUS, o que tende a dificultar o acesso em um primeiro momento.<\/p>\n<p>Os estudos demonstram o potencial do cabotegravir em reduzir ainda mais os riscos de cont\u00e1gio por HIV no Brasil, um argumento favor\u00e1vel a sua poss\u00edvel disponibiliza\u00e7\u00e3o no SUS.<\/p>\n<p>Um processo est\u00e1 em an\u00e1lise pela Comiss\u00e3o Nacional de Incorpora\u00e7\u00e3o de Tecnologias (Conitec), que define as vantagens sanit\u00e1rias e econ\u00f4micas de incluir novos medicamentos no SUS. Todavia, n\u00e3o h\u00e1 uma data para o parecer, nem confirma\u00e7\u00e3o de que o PrEP injet\u00e1vel efetivamente ser\u00e1 incorporado \u00e0 rede p\u00fablica.<\/p>\n","protected":false},"excerpt":{"rendered":"Parceiro (foto: iStock) Estudos avaliam previs\u00e3o para PrEP injet\u00e1vel ficar dispon\u00edvel pelo SUS O primeiro medicamento injet\u00e1vel de&hellip;\n","protected":false},"author":2,"featured_media":122157,"comment_status":"","ping_status":"","sticky":false,"template":"","format":"standard","meta":{"footnotes":""},"categories":[86],"tags":[726,116,32,13963,33,117,4483],"class_list":{"0":"post-122156","1":"post","2":"type-post","3":"status-publish","4":"format-standard","5":"has-post-thumbnail","7":"category-saude","8":"tag-brasil","9":"tag-health","10":"tag-portugal","11":"tag-prep","12":"tag-pt","13":"tag-saude","14":"tag-sus"},"share_on_mastodon":{"url":"https:\/\/pubeurope.com\/@pt\/115419525051412226","error":""},"_links":{"self":[{"href":"https:\/\/www.europesays.com\/pt\/wp-json\/wp\/v2\/posts\/122156","targetHints":{"allow":["GET"]}}],"collection":[{"href":"https:\/\/www.europesays.com\/pt\/wp-json\/wp\/v2\/posts"}],"about":[{"href":"https:\/\/www.europesays.com\/pt\/wp-json\/wp\/v2\/types\/post"}],"author":[{"embeddable":true,"href":"https:\/\/www.europesays.com\/pt\/wp-json\/wp\/v2\/users\/2"}],"replies":[{"embeddable":true,"href":"https:\/\/www.europesays.com\/pt\/wp-json\/wp\/v2\/comments?post=122156"}],"version-history":[{"count":0,"href":"https:\/\/www.europesays.com\/pt\/wp-json\/wp\/v2\/posts\/122156\/revisions"}],"wp:featuredmedia":[{"embeddable":true,"href":"https:\/\/www.europesays.com\/pt\/wp-json\/wp\/v2\/media\/122157"}],"wp:attachment":[{"href":"https:\/\/www.europesays.com\/pt\/wp-json\/wp\/v2\/media?parent=122156"}],"wp:term":[{"taxonomy":"category","embeddable":true,"href":"https:\/\/www.europesays.com\/pt\/wp-json\/wp\/v2\/categories?post=122156"},{"taxonomy":"post_tag","embeddable":true,"href":"https:\/\/www.europesays.com\/pt\/wp-json\/wp\/v2\/tags?post=122156"}],"curies":[{"name":"wp","href":"https:\/\/api.w.org\/{rel}","templated":true}]}}