{"id":122158,"date":"2025-10-22T19:42:22","date_gmt":"2025-10-22T19:42:22","guid":{"rendered":"https:\/\/www.europesays.com\/pt\/122158\/"},"modified":"2025-10-22T19:42:22","modified_gmt":"2025-10-22T19:42:22","slug":"familia-de-bruno-cancela-apoio-e-apela-por-saida-do-concorrente-desejamos-e-que-o-bruno-deixe-o-programa","status":"publish","type":"post","link":"https:\/\/www.europesays.com\/pt\/122158\/","title":{"rendered":"Fam\u00edlia de Bruno cancela apoio e apela por sa\u00edda do concorrente?! &#8220;Desejamos \u00e9 que o Bruno deixe o programa&#8221;"},"content":{"rendered":"<p>\t\t\t\t\t\t\t\t\t\t\t\t<a href=\"#\" onclick=\"window.open('http:\/\/www.facebook.com\/sharer.php?u=https:\/\/cusquices.com\/familia-de-bruno-cancela-apoio-e-apela-por-saida-do-concorrente-desejamos-e-que-o-bruno-deixe-o-programa\/&amp;t=Fam\u00edlia de Bruno cancela apoio e apela por sa\u00edda do concorrente?! \u201cDesejamos \u00e9 que o Bruno deixe o programa\u201d', 'facebookShare', 'width=626,height=436'); return false;\" title=\"Share on Facebook\"><\/p>\n<p>Share<\/p>\n<p><\/a><br \/>\n\t\t\t\t\t\t\t\t\t\t\t\t<a href=\"#\" onclick=\"window.open('http:\/\/twitter.com\/share?text=Fam\u00edlia de Bruno cancela apoio e apela por sa\u00edda do concorrente?! \u201cDesejamos \u00e9 que o Bruno deixe o programa\u201d -&amp;url=https:\/\/cusquices.com\/familia-de-bruno-cancela-apoio-e-apela-por-saida-do-concorrente-desejamos-e-que-o-bruno-deixe-o-programa\/', 'twitterShare', 'width=626,height=436'); return false;\" title=\"Tweet This Post\"><\/p>\n<p>Tweet<\/p>\n<p><\/a><br \/>\n\t\t\t\t\t\t\t\t\t\t\t\t<a href=\"whatsapp:\/\/send?text=Fam\u00edlia de Bruno cancela apoio e apela por sa\u00edda do concorrente?! \u201cDesejamos \u00e9 que o Bruno deixe o programa\u201d https:\/\/cusquices.com\/familia-de-bruno-cancela-apoio-e-apela-por-saida-do-concorrente-desejamos-e-que-o-bruno-deixe-o-programa\/\" rel=\"nofollow\"><\/p>\n<p>Share<\/p>\n<p><\/a><br \/>\n\t\t\t\t\t\t\t\t\t\t\t\t<a href=\"#\" onclick=\"window.open('http:\/\/pinterest.com\/pin\/create\/button\/?url=https:\/\/cusquices.com\/familia-de-bruno-cancela-apoio-e-apela-por-saida-do-concorrente-desejamos-e-que-o-bruno-deixe-o-programa\/&amp;media=https:\/\/cusquices.com\/wp-content\/uploads\/2025\/09\/bruno-sstvi-1-1000x600.jpg&amp;description=Fam\u00edlia de Bruno cancela apoio e apela por sa\u00edda do concorrente?! \u201cDesejamos \u00e9 que o Bruno deixe o programa\u201d', 'pinterestShare', 'width=750,height=350'); return false;\" title=\"Pin This Post\"><\/p>\n<p>Share<\/p>\n<p><\/a><br \/>\n\t\t\t\t\t\t\t\t\t\t\t\t<a href=\"mailto:?subject=Fam\u00edlia de Bruno cancela apoio e apela por sa\u00edda do concorrente?! \u201cDesejamos \u00e9 que o Bruno deixe o programa\u201d&amp;BODY=I found this article interesting and thought of sharing it with you. Check it out: https:\/\/cusquices.com\/familia-de-bruno-cancela-apoio-e-apela-por-saida-do-concorrente-desejamos-e-que-o-bruno-deixe-o-programa\/\"><\/p>\n<p>Email<\/p>\n<p><\/a><br \/>\n\t\t\t\t\t\t\t\t\t\t\t\t\t\t\t\t\t\t\t\t\t\t\t\t\t\t\t\t\t\t\t\t\t\t\t\t\t\t\t\t\t\t\t\t\t\t\t\t\t\t\t\t\t<a href=\"https:\/\/cusquices.com\/familia-de-bruno-cancela-apoio-e-apela-por-saida-do-concorrente-desejamos-e-que-o-bruno-deixe-o-programa\/#respond\" rel=\"nofollow noopener\" target=\"_blank\"><\/p>\n<p>Circula nas redes sociais um alegado comunicado da fam\u00edlia de <strong>Bruno,<\/strong> no qual \u00e9 pedido \u00e0 equipa de apoio do concorrente que cancele a campanha de apoio. No alegado comunicado, os familiares de <strong>Bruno<\/strong> manifestam o desejo de que o concorrente abandone o programa e alegam que o concorrente est\u00e1 sob stress e n\u00e3o concordam com algumas das atitudes que este tem tido dentro da casa.<\/p>\n<p>O alegado comunicado ter\u00e1 sido enviado por Watts app por C\u00e1tia Louren\u00e7o, familiar do concorrente, para a Team de Bruno e assinado em nome da fam\u00edlia. Corre nas redes sociais o print do referido comunicado, em que a fam\u00edlia apela para que se cancele o apoio a Bruno e que deixam claro que n\u00e3o apoiam algumas das suas atitudes na casa mais vigiada do pa\u00eds.<\/p>\n<p><strong>\u201cVimos por este meio informar que, ap\u00f3s muita reflex\u00e3o, decidimos encerrar o sorteio que se encontra a decorrer. Ap\u00f3s o que aconteceu ontem \u00e0 noite, n\u00f3s, como fam\u00edlia, percebemos que o Bruno n\u00e3o est\u00e1 bem. Ele tem cedido \u00e0 press\u00e3o psicol\u00f3gica e demonstrado comportamentos com os quais n\u00e3o concordamos e que n\u00e3o correspondem \u00e0 sua verdadeira personalidade.\u201d,<\/strong> podia ler-se no in\u00edcio do comunicado.<\/p>\n<p><strong>\u201cAssim sendo, neste momento, o que desejamos \u00e9 que o Bruno deixe o programa. N\u00e3o queremos que ele permane\u00e7a em algo que claramente j\u00e1 n\u00e3o est\u00e1 a contribuir para o seu bem-estar. Relativamente ao sorteio e ao montante angariado, gostar\u00edamos de informar que iremos proceder ao sorteio como planeado.\u201d, <\/strong>lia-se ainda.<\/p>\n<p>A alegada familiar de Bruno, remata com um pedido de desculpa: <strong>\u201cPedimos desculpa a todos e agradecemos profundamente todo o apoio que deram ao Bruno. Temos a certeza de que, quando sair, ele far\u00e1 um pedido de desculpas e reconhecer\u00e1 que n\u00e3o esteve bem.\u201d<\/strong><\/p>\n<p><img loading=\"lazy\" decoding=\"async\" width=\"464\" height=\"946\" src=\"https:\/\/www.europesays.com\/pt\/wp-content\/uploads\/2025\/10\/comunicado-familiabruno.png\" alt=\"\" class=\"wp-image-99544 webpexpress-processed\"  \/><\/p>\n<p><strong>Leia tamb\u00e9m:<\/strong><\/p>\n<p>\t\t\t\t\t\t\t\t\t\t\t\t\t\t\t\t\t\t\t\t\t\t\t\t\t<img decoding=\"async\" src=\"https:\/\/www.europesays.com\/pt\/wp-content\/uploads\/2025\/10\/cusquices-logo-52x.png\" class=\"webpexpress-processed\"\/><\/p>\n<p>\t\t\t\t\t\t\t\t\t\t\t\t\t\t\t\t\t\t\t\t\t            \t\t\t\t\t\t\t\t\t\t\t\t\t\t\t\t\t\t\t\t\t\t\t\t\t\t\t\t\t\t\t\t\t\t\t\t\t\t\t<script async src=\"https:\/\/platform.twitter.com\/widgets.js\" charset=\"utf-8\"><\/script><\/p>\n","protected":false},"excerpt":{"rendered":"Share Tweet Share Share Email Circula nas redes sociais um alegado comunicado da fam\u00edlia de Bruno, no qual&hellip;\n","protected":false},"author":2,"featured_media":121576,"comment_status":"","ping_status":"","sticky":false,"template":"","format":"standard","meta":{"footnotes":""},"categories":[85],"tags":[3768,2632,49,114,115,32,33],"class_list":{"0":"post-122158","1":"post","2":"type-post","3":"status-publish","4":"format-standard","5":"has-post-thumbnail","7":"category-entretenimento","8":"tag-bruno","9":"tag-casa-dos-segredos","10":"tag-destaques","11":"tag-entertainment","12":"tag-entretenimento","13":"tag-portugal","14":"tag-pt"},"share_on_mastodon":{"url":"https:\/\/pubeurope.com\/@pt\/115419528941566117","error":""},"_links":{"self":[{"href":"https:\/\/www.europesays.com\/pt\/wp-json\/wp\/v2\/posts\/122158","targetHints":{"allow":["GET"]}}],"collection":[{"href":"https:\/\/www.europesays.com\/pt\/wp-json\/wp\/v2\/posts"}],"about":[{"href":"https:\/\/www.europesays.com\/pt\/wp-json\/wp\/v2\/types\/post"}],"author":[{"embeddable":true,"href":"https:\/\/www.europesays.com\/pt\/wp-json\/wp\/v2\/users\/2"}],"replies":[{"embeddable":true,"href":"https:\/\/www.europesays.com\/pt\/wp-json\/wp\/v2\/comments?post=122158"}],"version-history":[{"count":0,"href":"https:\/\/www.europesays.com\/pt\/wp-json\/wp\/v2\/posts\/122158\/revisions"}],"wp:featuredmedia":[{"embeddable":true,"href":"https:\/\/www.europesays.com\/pt\/wp-json\/wp\/v2\/media\/121576"}],"wp:attachment":[{"href":"https:\/\/www.europesays.com\/pt\/wp-json\/wp\/v2\/media?parent=122158"}],"wp:term":[{"taxonomy":"category","embeddable":true,"href":"https:\/\/www.europesays.com\/pt\/wp-json\/wp\/v2\/categories?post=122158"},{"taxonomy":"post_tag","embeddable":true,"href":"https:\/\/www.europesays.com\/pt\/wp-json\/wp\/v2\/tags?post=122158"}],"curies":[{"name":"wp","href":"https:\/\/api.w.org\/{rel}","templated":true}]}}