{"id":122168,"date":"2025-10-22T19:52:12","date_gmt":"2025-10-22T19:52:12","guid":{"rendered":"https:\/\/www.europesays.com\/pt\/122168\/"},"modified":"2025-10-22T19:52:12","modified_gmt":"2025-10-22T19:52:12","slug":"as-amigas-leticia-e-rayana-brilham-no-empresario-do-ano-da-acic-radio-rural","status":"publish","type":"post","link":"https:\/\/www.europesays.com\/pt\/122168\/","title":{"rendered":"As amigas Let\u00edcia e Rayana brilham no Empres\u00e1rio do Ano da ACIC &#8211; R\u00e1dio Rural"},"content":{"rendered":"<ol>\n<li><a href=\"https:\/\/news.google.com\/rss\/articles\/CBMivAFBVV95cUxQckF0b1R0ZXhHeGdCMTlIekNoT2dTeC1OUHVfQkRwTU5Talo1N3pRemwwVjJaUGQ0Vmp4S0d4YUdpQ3k2ZHpuYXU5djFtVllxVDlDMjBuZ2xPdGI4bDA5VC0tQ3ZsM09Ubk1XRzlLTm95eHN6YVJtV082NkVBQzcycEdiLURKYThYMUxidU5tY0M1RFltNG1NcFdSWnNpMHNmUVlpUTlHdC1oUWtzRm0xT2V6cEoyRFI1RlliaQ?oc=5\" target=\"_blank\" rel=\"nofollow noopener\">As amigas Let\u00edcia e Rayana brilham no Empres\u00e1rio do Ano da ACIC<\/a>&nbsp;&nbsp;R\u00e1dio Rural<\/li>\n<li><a href=\"https:\/\/news.google.com\/rss\/articles\/CBMi9gFBVV95cUxQTHZnTVBWeFFpUUR6cUx1bHFWa1VmVHBURDNNM1ZRMFZmb0hfenM2U1pkaFh3dHQ3MUFScnQ3aWZmaTFWY3hUVDgtQ01Mb0lGTk9KTDNEY2VyYVN3SkE4XzJuNEFPdUFGTFMzWTFndGIyTkFzcmdMVGJ6ZVBLVzlXSThnYV96djlIVEZGbWNUbDB5NkpIcS11NVkzX0xJcEhxZUFtZXNnQmZPeW5vNTE1anR0bkc0RmZNMnhZZWhQYk5wR0xMVXI1MzB3Vmp1VmlBN2RtU1ZLV0hWRE5tZlZXMF9QOFZ5TWY5N1RUZXk5MXpoeVUxbEE?oc=5\" target=\"_blank\" rel=\"nofollow noopener\">Por que Erechim, com 110 mil habitantes, ainda n\u00e3o tem um Shopping, enquanto Conc\u00f3rdia (80 mil) receber\u00e1 um investimento de R$ 100 milh\u00f5es?<\/a>&nbsp;&nbsp;jornalboavista.com.br<\/li>\n<li><a href=\"https:\/\/news.google.com\/rss\/articles\/CBMilAFBVV95cUxNVVJlU3JCRmQ1S2xEcy14SWNHMjRFMFVXZVdrcHpGNmNZYXJUTzYta1FLY1M2VUYxeHVldUd5WWZNYUR5RmQyUlBxWFlTQkVnYk9OWm9TSEhscTN6em1rcXBhNTNhem54S3dzcW01WVcxU2g3MEQ0aE9NOUxxZjlGV1pfalBYalhrTjBLZzdzSEFuYm8t?oc=5\" target=\"_blank\" rel=\"nofollow noopener\">Volnei Enderle, da Ferticel, \u00e9 eleito Empres\u00e1rio do Ano em Conc\u00f3rdia<\/a>&nbsp;&nbsp;Atual FM<\/li>\n<li><a href=\"https:\/\/news.google.com\/rss\/articles\/CBMihAFBVV95cUxNQU1SZ2VjcS11cXk5MWhmMEM1UUpJeVpnXzJ2MlE0TmRsQ1NEYnZZaFdXNmJ0X1NpTWlPYTNwX1NFalRwR0xBQlI4LUxoY1Q2QXVjaENBYnkzRFZodjVGbVAxeWtseFNkZ2o3eVljZG5maElOc0hJQVJKRUJ6X2RUNW9PODM?oc=5\" target=\"_blank\" rel=\"nofollow noopener\">Nei da Ferticel \u00e9 o Empres\u00e1rio do Ano 2025<\/a>&nbsp;&nbsp;Portal Sublinhado<\/li>\n<li><a href=\"https:\/\/news.google.com\/rss\/articles\/CBMiqAFBVV95cUxNb2VWWTI4dnFlT280XzlyY3hCdFBnUEUzS21McWRGTkFwRWVzQzdrb0JRT245bXZTbnduMW1rT0xINzhEYjNONDZoTGp5Q05TbmJjeFRwbWlXVzg4djJGTkdoLWJ1cjBLVWM3UTMyTEp1YkxRQVYtNXBMOHhNeVRDOWdRNk44QVhZMDRDN1hQVUJJOENoOHJhb2l1YkZ5a0pRTEdpNnYxVXE?oc=5\" target=\"_blank\" rel=\"nofollow noopener\">Zagonel, o prefeito do legislativo, que brilha onde chega!<\/a>&nbsp;&nbsp;R\u00e1dio 96 FM<\/li>\n<\/ol>\n","protected":false},"excerpt":{"rendered":"As amigas Let\u00edcia e Rayana brilham no Empres\u00e1rio do Ano da ACIC&nbsp;&nbsp;R\u00e1dio Rural Por que Erechim, com 110&hellip;\n","protected":false},"author":2,"featured_media":122169,"comment_status":"","ping_status":"","sticky":false,"template":"","format":"standard","meta":{"footnotes":""},"categories":[141],"tags":[562,726,2733,2731,476,539,2258,114,115,1062,986,2732,149,150,1086,52,32,33,3551,117],"class_list":{"0":"post-122168","1":"post","2":"type-post","3":"status-publish","4":"format-standard","5":"has-post-thumbnail","7":"category-musica","8":"tag-agricultura","9":"tag-brasil","10":"tag-carnaval","11":"tag-dicas-do-dia","12":"tag-economia","13":"tag-educacao","14":"tag-eleicoes","15":"tag-entertainment","16":"tag-entretenimento","17":"tag-esportes","18":"tag-estado","19":"tag-geral","20":"tag-music","21":"tag-musica","22":"tag-policia","23":"tag-politica","24":"tag-portugal","25":"tag-pt","26":"tag-regiao","27":"tag-saude"},"share_on_mastodon":{"url":"https:\/\/pubeurope.com\/@pt\/115419568173910949","error":""},"_links":{"self":[{"href":"https:\/\/www.europesays.com\/pt\/wp-json\/wp\/v2\/posts\/122168","targetHints":{"allow":["GET"]}}],"collection":[{"href":"https:\/\/www.europesays.com\/pt\/wp-json\/wp\/v2\/posts"}],"about":[{"href":"https:\/\/www.europesays.com\/pt\/wp-json\/wp\/v2\/types\/post"}],"author":[{"embeddable":true,"href":"https:\/\/www.europesays.com\/pt\/wp-json\/wp\/v2\/users\/2"}],"replies":[{"embeddable":true,"href":"https:\/\/www.europesays.com\/pt\/wp-json\/wp\/v2\/comments?post=122168"}],"version-history":[{"count":0,"href":"https:\/\/www.europesays.com\/pt\/wp-json\/wp\/v2\/posts\/122168\/revisions"}],"wp:featuredmedia":[{"embeddable":true,"href":"https:\/\/www.europesays.com\/pt\/wp-json\/wp\/v2\/media\/122169"}],"wp:attachment":[{"href":"https:\/\/www.europesays.com\/pt\/wp-json\/wp\/v2\/media?parent=122168"}],"wp:term":[{"taxonomy":"category","embeddable":true,"href":"https:\/\/www.europesays.com\/pt\/wp-json\/wp\/v2\/categories?post=122168"},{"taxonomy":"post_tag","embeddable":true,"href":"https:\/\/www.europesays.com\/pt\/wp-json\/wp\/v2\/tags?post=122168"}],"curies":[{"name":"wp","href":"https:\/\/api.w.org\/{rel}","templated":true}]}}