{"id":122176,"date":"2025-10-22T19:57:14","date_gmt":"2025-10-22T19:57:14","guid":{"rendered":"https:\/\/www.europesays.com\/pt\/122176\/"},"modified":"2025-10-22T19:57:14","modified_gmt":"2025-10-22T19:57:14","slug":"nada-nos-separara-daniel-oliveira-chora-a-morte-da-mae","status":"publish","type":"post","link":"https:\/\/www.europesays.com\/pt\/122176\/","title":{"rendered":"&#8220;Nada nos separar\u00e1&#8221;: Daniel Oliveira chora a morte da m\u00e3e"},"content":{"rendered":"<p>Paula Ferreira Robalo, m\u00e3e de Daniel Oliveira, morreu no s\u00e1bado, 18 de outubro, ap\u00f3s uma luta de mais de um ano contra uma doen\u00e7a oncol\u00f3gica. O apresentador e diretor de programas da SIC recorreu \u00e0s redes sociais para partilhar a despedida e agradecer aos profissionais de sa\u00fade que acompanharam a m\u00e3e.<\/p>\n<p data-remotead-prev-elm=\"true\" data-remotead-elm-id=\"inread\">&#8220;Quero agradecer ao corpo cl\u00ednico do Hospital Amadora-Sintra que ao longo de mais de um ano acompanhou a minha m\u00e3e, em particular \u00e0s equipas de oncologia e de cuidados paliativos (enfermeiros, auxiliares e m\u00e9dicos), que foram inexced\u00edveis clinicamente e nos assomos de leveza, esperan\u00e7a e conforto que lhe proporcionaram a ela e n\u00f3s em todos estes dias&#8221;, escreveu.<\/p>\n<p>Entre dor e o trabalho<\/p>\n<p>Mesmo atravessando um per\u00edodo dif\u00edcil, Daniel Oliveira manteve-se ao lado da m\u00e3e e continuou a cumprir as suas fun\u00e7\u00f5es na SIC, conciliando decis\u00f5es importantes enquanto diretor de programas com os momentos delicados da vida pessoal.<\/p>\n<p data-remotead-prev-elm=\"true\" data-remotead-elm-id=\"centro1\">De luto, o tamb\u00e9m apresentador encontra agora conforto junto da fam\u00edlia, da mulher Andreia Rodrigues e das duas filhas, bem como nas mensagens de apoio deixadas por colegas e figuras p\u00fablicas nas redes sociais.<\/p>\n<p>A homenagem terminou com uma frase carregada de intimidade &#8211; &#8220;Nada nos separar\u00e1, M\u00e3e&#8221; -, acompanhada de fotografias que retratam a cumplicidade entre m\u00e3e e filho e eternizam momentos de afeto e proximidade.<\/p>\n","protected":false},"excerpt":{"rendered":"Paula Ferreira Robalo, m\u00e3e de Daniel Oliveira, morreu no s\u00e1bado, 18 de outubro, ap\u00f3s uma luta de mais&hellip;\n","protected":false},"author":2,"featured_media":122177,"comment_status":"","ping_status":"","sticky":false,"template":"","format":"standard","meta":{"footnotes":""},"categories":[85],"tags":[1207,12776,114,115,981,1339,8204,32,33],"class_list":{"0":"post-122176","1":"post","2":"type-post","3":"status-publish","4":"format-standard","5":"has-post-thumbnail","7":"category-entretenimento","8":"tag-cancro","9":"tag-daniel-oliveira","10":"tag-entertainment","11":"tag-entretenimento","12":"tag-familia","13":"tag-luto","14":"tag-mae","15":"tag-portugal","16":"tag-pt"},"share_on_mastodon":{"url":"https:\/\/pubeurope.com\/@pt\/115419587829577353","error":""},"_links":{"self":[{"href":"https:\/\/www.europesays.com\/pt\/wp-json\/wp\/v2\/posts\/122176","targetHints":{"allow":["GET"]}}],"collection":[{"href":"https:\/\/www.europesays.com\/pt\/wp-json\/wp\/v2\/posts"}],"about":[{"href":"https:\/\/www.europesays.com\/pt\/wp-json\/wp\/v2\/types\/post"}],"author":[{"embeddable":true,"href":"https:\/\/www.europesays.com\/pt\/wp-json\/wp\/v2\/users\/2"}],"replies":[{"embeddable":true,"href":"https:\/\/www.europesays.com\/pt\/wp-json\/wp\/v2\/comments?post=122176"}],"version-history":[{"count":0,"href":"https:\/\/www.europesays.com\/pt\/wp-json\/wp\/v2\/posts\/122176\/revisions"}],"wp:featuredmedia":[{"embeddable":true,"href":"https:\/\/www.europesays.com\/pt\/wp-json\/wp\/v2\/media\/122177"}],"wp:attachment":[{"href":"https:\/\/www.europesays.com\/pt\/wp-json\/wp\/v2\/media?parent=122176"}],"wp:term":[{"taxonomy":"category","embeddable":true,"href":"https:\/\/www.europesays.com\/pt\/wp-json\/wp\/v2\/categories?post=122176"},{"taxonomy":"post_tag","embeddable":true,"href":"https:\/\/www.europesays.com\/pt\/wp-json\/wp\/v2\/tags?post=122176"}],"curies":[{"name":"wp","href":"https:\/\/api.w.org\/{rel}","templated":true}]}}