{"id":122181,"date":"2025-10-22T20:07:19","date_gmt":"2025-10-22T20:07:19","guid":{"rendered":"https:\/\/www.europesays.com\/pt\/122181\/"},"modified":"2025-10-22T20:07:19","modified_gmt":"2025-10-22T20:07:19","slug":"maria-flor-ganha-presente-luxuoso-da-madrinha-saiba-o-que-e-e-o-preco","status":"publish","type":"post","link":"https:\/\/www.europesays.com\/pt\/122181\/","title":{"rendered":"Maria Flor ganha presente luxuoso da madrinha. Saiba o que \u00e9 e o pre\u00e7o"},"content":{"rendered":"<p>Filha de <a href=\"https:\/\/caras.com.br\/tags\/virginia\" rel=\"nofollow noopener\" target=\"_blank\"><strong>Virginia<\/strong><\/a> e <a href=\"https:\/\/caras.com.br\/tags\/ze-felipe\" rel=\"nofollow noopener\" target=\"_blank\"><strong>Z\u00e9 Felipe<\/strong><\/a>, a pequena <a href=\"https:\/\/caras.com.br\/tags\/maria-flor\" rel=\"nofollow noopener\" target=\"_blank\"><strong>Maria Flor<\/strong><\/a> completou 3 anos de vida nesta quarta-feira, 22, e j\u00e1 come\u00e7ou o dia com comemora\u00e7\u00f5es e presentes. Depois de ser acordada pela m\u00e3e com um bolo de anivers\u00e1rio na cama e ir a um parque de pula-pula para sua primeira festa dos 3 anos, ela ganhou um presente luxuoso da madrinha, a empres\u00e1ria <strong>Samara Pink<\/strong>.<\/p>\n<p>Samara foi ao parque com a afilhada e a fam\u00edlia dela para celebrar o anivers\u00e1rio da menina. Depois do Parab\u00e9ns, ela surpreendeu a afilhada com um presente encantador: uma boneca de luxo da Cinderela, que \u00e9 a princesa favorita da menina.<\/p>\n<p>A boneca de luxo da Cinderela vem uma caixa com a carruagem em formato de ab\u00f3bora e um cavalo que anda. O item \u00e9 dif\u00edcil de achar no comercial online no Brasil, mas \u00e9 poss\u00edvel compr\u00e1-lo no exterior. No site oficial da Disney na Europa, a boneca da Cinderela com cavalo e carruagem \u00e9 vendida por 75 euros \u2013 cerca de R$ 469 na convers\u00e3o direta.<\/p>\n<p> <img loading=\"lazy\" decoding=\"async\" class=\"wp-image-1021309 size-full img-fluid lazy\" alt=\"Presente de Samara Pink para Maria Flor - Foto: Reprodu\u00e7\u00e3o \/ Instagram\" width=\"784\" height=\"1390\" src=\"https:\/\/www.europesays.com\/pt\/wp-content\/uploads\/2025\/10\/presente-de-samara-para-maria-flor-1.jpg\"  \/>Presente de Samara Pink para Maria Flor \u2013 Foto: Reprodu\u00e7\u00e3o \/ Instagram <img loading=\"lazy\" decoding=\"async\" class=\"wp-image-1021312 size-full img-fluid lazy\" alt=\"Presente de Samara Pink para Maria Flor - Foto: Reprodu\u00e7\u00e3o \/ Instagram\" width=\"786\" height=\"1390\" src=\"https:\/\/www.europesays.com\/pt\/wp-content\/uploads\/2025\/10\/presente-de-samara-para-maria-flor.jpg\"  \/>Presente de Samara Pink para Maria Flor \u2013 Foto: Reprodu\u00e7\u00e3o \/ Instagram <img loading=\"lazy\" decoding=\"async\" class=\"wp-image-1021311 size-full img-fluid lazy\" alt=\"Presente de Samara Pink para Maria Flor - Foto: Reprodu\u00e7\u00e3o \/ Instagram\" width=\"784\" height=\"1394\" src=\"https:\/\/www.europesays.com\/pt\/wp-content\/uploads\/2025\/10\/presente-de-samara-para-maria-flor-4.jpg\"  \/>Presente de Samara Pink para Maria Flor \u2013 Foto: Reprodu\u00e7\u00e3o \/ Instagram <img loading=\"lazy\" decoding=\"async\" class=\"wp-image-1021310 size-full img-fluid lazy\" alt=\"Presente de Samara Pink para Maria Flor - Foto: Reprodu\u00e7\u00e3o \/ Instagram\" width=\"786\" height=\"1394\" src=\"https:\/\/www.europesays.com\/pt\/wp-content\/uploads\/2025\/10\/presente-de-samara-para-maria-flor-3.jpg\"  \/>Presente de Samara Pink para Maria Flor \u2013 Foto: Reprodu\u00e7\u00e3o \/ Instagram Maria Flor tamb\u00e9m ganhou uma boneca de Ana Castela <\/p>\n<p>A artista sertaneja Ana Castela fez uma visita aos tr\u00eas herdeiros do cantor Z\u00e9 Felipe na ter\u00e7a-feira, dia 21, e o momento foi capturado e compartilhado por ele nas plataformas digitais. A cantora aproveitou a oportunidade para presentear as crian\u00e7as: Maria Alice, de quatro anos, Maria Flor, de tr\u00eas, e Jos\u00e9 Leonardo, de um ano.<\/p>\n<p>Nas fotos e v\u00eddeos divulgados, <a href=\"https:\/\/caras.com.br\/kids\/saiba-qual-e-o-preco-da-boneca-que-ana-castela-deu-para-maria-flor.phtml\" rel=\"nofollow noopener\" target=\"_blank\">os seguidores notaram que Maria Flor recebeu uma boneca de Ana<\/a>. O item \u00e9 uma representa\u00e7\u00e3o de uma \u201cboiadeira\u201d, completa com acess\u00f3rios como chap\u00e9u de estilo country e botas. A boneca faz parte da linha Our Generation e pode ser encontrada no mercado por, aproximadamente, R$ 899,99 em estabelecimentos especializados em brinquedos.<\/p>\n<p>Horas antes, Z\u00e9 Felipe havia mencionado que a cantora j\u00e1 tinha familiaridade com seus filhos. \u201cEla j\u00e1 esteve com eles. Ana conheceu a garotada, \u00e9 super amiga da Flo-Flo [Maria Flor], grande parceira da Maria Alice, e o Jos\u00e9 Leonardo fica s\u00f3 olhando para ela, maravilhado,\u201d comentou o cantor.<\/p>\n<p><img loading=\"lazy\" decoding=\"async\" class=\"wp-image-1020782 size-full img-fluid lazy\" alt=\"Ana Castela d\u00e1 presentes para os filhos de Z\u00e9 Felipe - Foto: Reprodu\u00e7\u00e3o \/ Instagram\" width=\"780\" height=\"1386\" src=\"https:\/\/www.europesays.com\/pt\/wp-content\/uploads\/2025\/10\/ana-castela-presentes-filhos-de-ze-felipe-2.jpg\"  \/><\/p>\n<p><strong>Leia tamb\u00e9m<\/strong>: <a href=\"https:\/\/caras.com.br\/festas\/virginia-exibe-a-1a-festa-dos-3-anos-de-maria-flor.phtml\" rel=\"nofollow noopener\" target=\"_blank\">Virginia exibe a 1\u00aa festa dos 3 anos de Maria Flor<\/a><\/p>\n<p>        <a href=\"https:\/\/caras.com.br\/autor\/priscilla-comoti\" rel=\"nofollow noopener\" target=\"_blank\">&#13;<br \/>\n          <img alt=\"Priscilla Comoti\" src=\"https:\/\/www.europesays.com\/pt\/wp-content\/uploads\/2025\/10\/1761163639_59_e53883bdf02c542f6517b68879e8cb08b27a1d55c4dfd53577e47d3ab6331a06\"  class=\"avatar avatar-115 photo rounded-circle mr-3\" height=\"115\" width=\"115\" loading=\"lazy\" decoding=\"async\"\/>        <\/a><\/p>\n<p>Priscilla Comoti \u00e9 editora de conte\u00fado do site CARAS. Ela \u00e9 formada em jornalismo e em audiovisual, j\u00e1 passou pelos sites Contigo!, Minha Novela, TiTiTi, Mais Novela e Portal M\u00e1rcia Piovesan. Escreve sobre celebridades, not\u00edcias sobre a fam\u00edlia real brit\u00e2nica, TV, reality show e novelas.<\/p>\n","protected":false},"excerpt":{"rendered":"Filha de Virginia e Z\u00e9 Felipe, a pequena Maria Flor completou 3 anos de vida nesta quarta-feira, 22,&hellip;\n","protected":false},"author":2,"featured_media":122182,"comment_status":"","ping_status":"","sticky":false,"template":"","format":"standard","meta":{"footnotes":""},"categories":[145],"tags":[996,211,210,114,115,28301,19251,1513,32,16419,33,19400],"class_list":{"0":"post-122181","1":"post","2":"type-post","3":"status-publish","4":"format-standard","5":"has-post-thumbnail","7":"category-celebridades","8":"tag-aniversario","9":"tag-celebridades","10":"tag-celebrities","11":"tag-entertainment","12":"tag-entretenimento","13":"tag-filha-de-virginia-e-ze-felipe","14":"tag-madrinha","15":"tag-maria-flor","16":"tag-portugal","17":"tag-presente","18":"tag-pt","19":"tag-samara-pink"},"share_on_mastodon":{"url":"https:\/\/pubeurope.com\/@pt\/115419627258006527","error":""},"_links":{"self":[{"href":"https:\/\/www.europesays.com\/pt\/wp-json\/wp\/v2\/posts\/122181","targetHints":{"allow":["GET"]}}],"collection":[{"href":"https:\/\/www.europesays.com\/pt\/wp-json\/wp\/v2\/posts"}],"about":[{"href":"https:\/\/www.europesays.com\/pt\/wp-json\/wp\/v2\/types\/post"}],"author":[{"embeddable":true,"href":"https:\/\/www.europesays.com\/pt\/wp-json\/wp\/v2\/users\/2"}],"replies":[{"embeddable":true,"href":"https:\/\/www.europesays.com\/pt\/wp-json\/wp\/v2\/comments?post=122181"}],"version-history":[{"count":0,"href":"https:\/\/www.europesays.com\/pt\/wp-json\/wp\/v2\/posts\/122181\/revisions"}],"wp:featuredmedia":[{"embeddable":true,"href":"https:\/\/www.europesays.com\/pt\/wp-json\/wp\/v2\/media\/122182"}],"wp:attachment":[{"href":"https:\/\/www.europesays.com\/pt\/wp-json\/wp\/v2\/media?parent=122181"}],"wp:term":[{"taxonomy":"category","embeddable":true,"href":"https:\/\/www.europesays.com\/pt\/wp-json\/wp\/v2\/categories?post=122181"},{"taxonomy":"post_tag","embeddable":true,"href":"https:\/\/www.europesays.com\/pt\/wp-json\/wp\/v2\/tags?post=122181"}],"curies":[{"name":"wp","href":"https:\/\/api.w.org\/{rel}","templated":true}]}}