{"id":122185,"date":"2025-10-22T20:10:28","date_gmt":"2025-10-22T20:10:28","guid":{"rendered":"https:\/\/www.europesays.com\/pt\/122185\/"},"modified":"2025-10-22T20:10:28","modified_gmt":"2025-10-22T20:10:28","slug":"vem-ai-em-terra-forte-maria-de-fatima-despede-vivi-e-faz-lhe-graves-acusacoes-novelas","status":"publish","type":"post","link":"https:\/\/www.europesays.com\/pt\/122185\/","title":{"rendered":"Vem a\u00ed em \u00abTerra Forte\u00bb: Maria de F\u00e1tima despede Vivi e faz-lhe graves acusa\u00e7\u00f5es &#8211; Novelas"},"content":{"rendered":"<p>Em \u00abTerra Forte\u00bb, Maria de F\u00e1tima (Rita Pereira) fica furiosa por Vivi (Sofia Nicholson) assumir que desvalorizou amea\u00e7as de boicote no dia da inaugura\u00e7\u00e3o.\u00a0 Maria de F\u00e1tima despede-a sem contempla\u00e7\u00f5es, dizendo tamb\u00e9m suspeitar que ela anda a passar informa\u00e7\u00f5es a Marcus (Vitor Hugo).<\/p>\n<p>Vivi, diz aflita a Moreira que n\u00e3o vai conseguir arranjar outro trabalho com a sua idade, e insinua que Maria de F\u00e1tima n\u00e3o \u00e9 quem aparenta ser.<\/p>\n<p>Vivi chega a casa desolada, deixando Babi (Melissa Matos) intrigada por ver a m\u00e3e ali \u00e0quela hora. Vivi diz \u00e0 filha que devia preocupar-se em arranjar trabalho, mas Babi ignora.<\/p>\n<p>Recorde-se que Maria de F\u00e1tima foi atingida por ativistas:\u00a0<\/p>\n","protected":false},"excerpt":{"rendered":"Em \u00abTerra Forte\u00bb, Maria de F\u00e1tima (Rita Pereira) fica furiosa por Vivi (Sofia Nicholson) assumir que desvalorizou amea\u00e7as&hellip;\n","protected":false},"author":2,"featured_media":122186,"comment_status":"","ping_status":"","sticky":false,"template":"","format":"standard","meta":{"footnotes":""},"categories":[142],"tags":[160,166,114,115,157,167,164,8598,161,158,165,159,32,33,156,5871,3086,18614,163,151,162,28302],"class_list":{"0":"post-122185","1":"post","2":"type-post","3":"status-publish","4":"format-standard","5":"has-post-thumbnail","7":"category-tv","8":"tag-ana-guiomar","9":"tag-cristina-ferreira","10":"tag-entertainment","11":"tag-entretenimento","12":"tag-festa-e-festa","13":"tag-ficcao","14":"tag-jose-fidalgo","15":"tag-maria-de-fatima","16":"tag-novelas","17":"tag-para-sempre","18":"tag-pedro-sousa","19":"tag-pedro-teixeira","20":"tag-portugal","21":"tag-pt","22":"tag-queridos-papas","23":"tag-rita-pereira","24":"tag-sofia-nicholson","25":"tag-terra-forte","26":"tag-tiago-teotonio-pereira","27":"tag-tv","28":"tag-tvi","29":"tag-vivi"},"share_on_mastodon":{"url":"https:\/\/pubeurope.com\/@pt\/115419638994241152","error":""},"_links":{"self":[{"href":"https:\/\/www.europesays.com\/pt\/wp-json\/wp\/v2\/posts\/122185","targetHints":{"allow":["GET"]}}],"collection":[{"href":"https:\/\/www.europesays.com\/pt\/wp-json\/wp\/v2\/posts"}],"about":[{"href":"https:\/\/www.europesays.com\/pt\/wp-json\/wp\/v2\/types\/post"}],"author":[{"embeddable":true,"href":"https:\/\/www.europesays.com\/pt\/wp-json\/wp\/v2\/users\/2"}],"replies":[{"embeddable":true,"href":"https:\/\/www.europesays.com\/pt\/wp-json\/wp\/v2\/comments?post=122185"}],"version-history":[{"count":0,"href":"https:\/\/www.europesays.com\/pt\/wp-json\/wp\/v2\/posts\/122185\/revisions"}],"wp:featuredmedia":[{"embeddable":true,"href":"https:\/\/www.europesays.com\/pt\/wp-json\/wp\/v2\/media\/122186"}],"wp:attachment":[{"href":"https:\/\/www.europesays.com\/pt\/wp-json\/wp\/v2\/media?parent=122185"}],"wp:term":[{"taxonomy":"category","embeddable":true,"href":"https:\/\/www.europesays.com\/pt\/wp-json\/wp\/v2\/categories?post=122185"},{"taxonomy":"post_tag","embeddable":true,"href":"https:\/\/www.europesays.com\/pt\/wp-json\/wp\/v2\/tags?post=122185"}],"curies":[{"name":"wp","href":"https:\/\/api.w.org\/{rel}","templated":true}]}}