{"id":122188,"date":"2025-10-22T20:12:16","date_gmt":"2025-10-22T20:12:16","guid":{"rendered":"https:\/\/www.europesays.com\/pt\/122188\/"},"modified":"2025-10-22T20:12:16","modified_gmt":"2025-10-22T20:12:16","slug":"cena-inedita-de-wicked-parte-ii-tem-detalhe-curioso-entenda","status":"publish","type":"post","link":"https:\/\/www.europesays.com\/pt\/122188\/","title":{"rendered":"Cena in\u00e9dita de &#8216;Wicked: Parte II&#8217; tem detalhe curioso; entenda"},"content":{"rendered":"<p><a href=\"https:\/\/recreio.com.br\/tags\/wicked\" rel=\"nofollow noopener\" target=\"_blank\">\u201cWicked: Parte II\u201d<\/a> \u00e9 um dos maiores lan\u00e7amentos de 2025. A trama de Elphaba (<strong>Cynthia Erivo<\/strong>) e Glinda (<strong><a href=\"https:\/\/www.instagram.com\/arianagrande\/\" rel=\"nofollow noopener\" target=\"_blank\">Ariana Grande<\/a><\/strong>) ter\u00e1 sua conclus\u00e3o em 20 de novembro nos cinemas. A Universal Pictures lan\u00e7ou nas redes sociais um pequeno teaser com a dupla de bruxas na cena de \u201cWonderful\u201d, m\u00fasica do M\u00e1gico de Oz interpretada por <strong>Jeff Goldblum<\/strong>. Uma teoria levantada por um f\u00e3 chamou a aten\u00e7\u00e3o justamente pela inclus\u00e3o da voz de Glinda na can\u00e7\u00e3o.<\/p>\n<p>Sem spoilers, mas, no momento que a can\u00e7\u00e3o \u00e9 tocada durante a montagem de \u201cWicked\u201d, \u00e9 um momento entre Elphaba e o M\u00e1gico. No filme, Glinda aparece e canta um trecho da can\u00e7\u00e3o em que diz \u201cser\u00e3o maravilhosos\u201d. As duas amigas, inclusive, fazem a dan\u00e7a do primeiro filme que emociona por ser a ponte entre a amizade delas. Um f\u00e3, ent\u00e3o, escreveu:<\/p>\n<blockquote>\n<p>\u201cReparando agora que a Glinda canta \u201cWe Will Be Wonderful\u201d porque quer a Elphaba com ela e o M\u00e1gico. \u201cYou Will Make Me Wonderful\u201d porque quer tirar vantagem dos poderes. Jon M Chu, tu \u00e9 pai\u201d<\/p>\n<\/blockquote>\n<blockquote class=\"twitter-tweet\">\n<p dir=\"ltr\" lang=\"pt\">reparando agora que a glinda canta \u201cwe will be wonderful\u201d pq quer a elphaba com ela e o m\u00e1gico \u201cyou will make me wonderful\u201d porque quer tirar vantagem dos poderes, jon m chu tu \u00e9 PAI <a href=\"https:\/\/t.co\/9dKX4sOsNj\" rel=\"nofollow\">https:\/\/t.co\/9dKX4sOsNj<\/a><\/p>\n<p>\u2014 mateus (@spidertruly) <a href=\"https:\/\/twitter.com\/spidertruly\/status\/1980859728919191875?ref_src=twsrc%5Etfw\" rel=\"nofollow noopener\" target=\"_blank\">October 22, 2025<\/a><\/p>\n<\/blockquote>\n<p> <strong>\u201cWicked: Parte II\u201d no Brasil<\/strong> <\/p>\n<p>A press tour do filme iniciar\u00e1 a sua jornada no Brasil. Tr\u00eas estrelas do longa e o diretor da obra estar\u00e3o por aqui para divulgar a segunda parte de \u201cWicked\u201d: Jonathan Bailey (Fiyero), John M.Chu e a dupla Cynthia Erivo e Ariana Grande. Sem muitas informa\u00e7\u00f5es de onde ser\u00e1 e como garantir um ingresso, o evento ser\u00e1 uma parceria da TV Globo com a <a href=\"http:\/\/www.universalpics.com.br\/\" rel=\"nofollow noopener\" target=\"_blank\"><strong>Universal Pictures Brasil<\/strong><\/a> e acontece em 4 de novembro, uma ter\u00e7a-feira.<\/p>\n<p>A continua\u00e7\u00e3o da hist\u00f3ria trar\u00e1 o desfecho ap\u00f3s os acontecimentos do primeiro filme e interliga a sua hist\u00f3ria com O M\u00e1gico de Oz. <strong>\u201cWicked\u201d<\/strong> \u00e9 baseado no livro e pe\u00e7a hom\u00f4nimos e traz a hist\u00f3ria n\u00e3o contada das bruxas, com muito drama, romance e, claro, muitas m\u00fasicas. A nova parte do filme incluir\u00e1 duas faixas in\u00e9ditas: \u201cNo Place Like Home\u201d, interpretada por Cynthia Erivo, e \u201cGirl In The Bubble\u201d, cantada por Ariana Grande. \u201cWicked: Parte II\u201d estreia em 20 de novembro no Brasil.<\/p>\n<p>\u00a0<\/p>\n<p>\t                                            <script async src=\"https:\/\/platform.twitter.com\/widgets.js\" charset=\"utf-8\"><\/script><script async src=\"\/\/www.instagram.com\/embed.js\"><\/script><\/p>\n","protected":false},"excerpt":{"rendered":"\u201cWicked: Parte II\u201d \u00e9 um dos maiores lan\u00e7amentos de 2025. A trama de Elphaba (Cynthia Erivo) e Glinda&hellip;\n","protected":false},"author":2,"featured_media":122189,"comment_status":"","ping_status":"","sticky":false,"template":"","format":"standard","meta":{"footnotes":""},"categories":[140],"tags":[470,114,115,147,148,146,32,33,22988,5069,21899,28303],"class_list":{"0":"post-122188","1":"post","2":"type-post","3":"status-publish","4":"format-standard","5":"has-post-thumbnail","7":"category-filmes","8":"tag-cinema","9":"tag-entertainment","10":"tag-entretenimento","11":"tag-film","12":"tag-filmes","13":"tag-movies","14":"tag-portugal","15":"tag-pt","16":"tag-universal-pictures","17":"tag-wicked","18":"tag-wicked-for-good","19":"tag-wicked-parte-ii"},"share_on_mastodon":{"url":"https:\/\/pubeurope.com\/@pt\/115419646950907191","error":""},"_links":{"self":[{"href":"https:\/\/www.europesays.com\/pt\/wp-json\/wp\/v2\/posts\/122188","targetHints":{"allow":["GET"]}}],"collection":[{"href":"https:\/\/www.europesays.com\/pt\/wp-json\/wp\/v2\/posts"}],"about":[{"href":"https:\/\/www.europesays.com\/pt\/wp-json\/wp\/v2\/types\/post"}],"author":[{"embeddable":true,"href":"https:\/\/www.europesays.com\/pt\/wp-json\/wp\/v2\/users\/2"}],"replies":[{"embeddable":true,"href":"https:\/\/www.europesays.com\/pt\/wp-json\/wp\/v2\/comments?post=122188"}],"version-history":[{"count":0,"href":"https:\/\/www.europesays.com\/pt\/wp-json\/wp\/v2\/posts\/122188\/revisions"}],"wp:featuredmedia":[{"embeddable":true,"href":"https:\/\/www.europesays.com\/pt\/wp-json\/wp\/v2\/media\/122189"}],"wp:attachment":[{"href":"https:\/\/www.europesays.com\/pt\/wp-json\/wp\/v2\/media?parent=122188"}],"wp:term":[{"taxonomy":"category","embeddable":true,"href":"https:\/\/www.europesays.com\/pt\/wp-json\/wp\/v2\/categories?post=122188"},{"taxonomy":"post_tag","embeddable":true,"href":"https:\/\/www.europesays.com\/pt\/wp-json\/wp\/v2\/tags?post=122188"}],"curies":[{"name":"wp","href":"https:\/\/api.w.org\/{rel}","templated":true}]}}