{"id":122210,"date":"2025-10-22T20:37:30","date_gmt":"2025-10-22T20:37:30","guid":{"rendered":"https:\/\/www.europesays.com\/pt\/122210\/"},"modified":"2025-10-22T20:37:30","modified_gmt":"2025-10-22T20:37:30","slug":"tribunal-de-contas-alerta-para-atrasos-na-execucao-do-prr","status":"publish","type":"post","link":"https:\/\/www.europesays.com\/pt\/122210\/","title":{"rendered":"Tribunal de Contas alerta para atrasos na execu\u00e7\u00e3o do PRR"},"content":{"rendered":"<p>&#13;<br \/>\nNa apresenta\u00e7\u00e3o do Relat\u00f3rio Anual do Tribunal de Contas Europeu de 2024, realizada hoje em Lisboa, Filipa Urbano Calv\u00e3o, conselheira presidente do TdC, referiu que as &#8220;a\u00e7\u00f5es de controlo permitiram constatar atrasos na execu\u00e7\u00e3o dos fundos europeus, principalmente no PRR&#8221;.&#13;\n<\/p>\n<p>\nEst\u00e3o em causa \u00e1reas como o refor\u00e7o das finan\u00e7as p\u00fablicas, a resposta \u00e0 crise pand\u00e9mica e energ\u00e9tica e o investimento na rede de cuidados continuados.<\/p>\n<p>&#8220;\u00c9 fundamental ter consci\u00eancia que os avultados apoios e financiamento disponibilizados s\u00e3o excecionais e dificilmente repet\u00edveis&#8221;, salientou, acrescentando que o Presidente da Rep\u00fablica tamb\u00e9m o refere recorrentemente.<\/p>\n<p>Jo\u00e3o Le\u00e3o, o membro portugu\u00eas do Tribunal de Contas Europeu que apresentou o relat\u00f3rio, tamb\u00e9m disse que, a n\u00edvel europeu, do PRR s\u00f3 foram executadas 62% das subven\u00e7\u00f5es e em Portugal 56%.<\/p>\n<p>&#8220;Se olharmos s\u00f3 para Portugal, falta executar sete mil milh\u00f5es de euros em subven\u00e7\u00f5es e tr\u00eas mil milh\u00f5es em empr\u00e9stimos&#8221;, apontou, pelo que falta receber 10 mil milh\u00f5es, um &#8220;valor massivo extraordin\u00e1rio para gastar&#8221;.<\/p>\n<p>O ex-ministro das Finan\u00e7as admitiu tamb\u00e9m que \u00e9 um &#8220;grande desafio conseguir executar isto em pouco mais de um ano&#8221;, tendo em conta o horizonte final de aplica\u00e7\u00e3o.<\/p>\n<p>&#13;<br \/>\n\u00a0&#13;<\/p>\n","protected":false},"excerpt":{"rendered":"&#13; Na apresenta\u00e7\u00e3o do Relat\u00f3rio Anual do Tribunal de Contas Europeu de 2024, realizada hoje em Lisboa, Filipa&hellip;\n","protected":false},"author":2,"featured_media":122211,"comment_status":"","ping_status":"","sticky":false,"template":"","format":"standard","meta":{"footnotes":""},"categories":[83],"tags":[88,89,90,32,21485,33],"class_list":{"0":"post-122210","1":"post","2":"type-post","3":"status-publish","4":"format-standard","5":"has-post-thumbnail","7":"category-empresas","8":"tag-business","9":"tag-economy","10":"tag-empresas","11":"tag-portugal","12":"tag-prr","13":"tag-pt"},"share_on_mastodon":{"url":"https:\/\/pubeurope.com\/@pt\/115419745032371203","error":""},"_links":{"self":[{"href":"https:\/\/www.europesays.com\/pt\/wp-json\/wp\/v2\/posts\/122210","targetHints":{"allow":["GET"]}}],"collection":[{"href":"https:\/\/www.europesays.com\/pt\/wp-json\/wp\/v2\/posts"}],"about":[{"href":"https:\/\/www.europesays.com\/pt\/wp-json\/wp\/v2\/types\/post"}],"author":[{"embeddable":true,"href":"https:\/\/www.europesays.com\/pt\/wp-json\/wp\/v2\/users\/2"}],"replies":[{"embeddable":true,"href":"https:\/\/www.europesays.com\/pt\/wp-json\/wp\/v2\/comments?post=122210"}],"version-history":[{"count":0,"href":"https:\/\/www.europesays.com\/pt\/wp-json\/wp\/v2\/posts\/122210\/revisions"}],"wp:featuredmedia":[{"embeddable":true,"href":"https:\/\/www.europesays.com\/pt\/wp-json\/wp\/v2\/media\/122211"}],"wp:attachment":[{"href":"https:\/\/www.europesays.com\/pt\/wp-json\/wp\/v2\/media?parent=122210"}],"wp:term":[{"taxonomy":"category","embeddable":true,"href":"https:\/\/www.europesays.com\/pt\/wp-json\/wp\/v2\/categories?post=122210"},{"taxonomy":"post_tag","embeddable":true,"href":"https:\/\/www.europesays.com\/pt\/wp-json\/wp\/v2\/tags?post=122210"}],"curies":[{"name":"wp","href":"https:\/\/api.w.org\/{rel}","templated":true}]}}