{"id":12222,"date":"2025-08-01T22:46:09","date_gmt":"2025-08-01T22:46:09","guid":{"rendered":"https:\/\/www.europesays.com\/pt\/12222\/"},"modified":"2025-08-01T22:46:09","modified_gmt":"2025-08-01T22:46:09","slug":"valter-hugo-mae-volta-a-flip-como-showman-14-anos-depois-de-estreia-em-paraty","status":"publish","type":"post","link":"https:\/\/www.europesays.com\/pt\/12222\/","title":{"rendered":"Valter Hugo M\u00e3e volta \u00e0 Flip como showman 14 anos depois de &#8216;estreia&#8217; em Paraty"},"content":{"rendered":"\n<p class=\" content-text__container theme-color-primary-first-letter\" data-track-category=\"Link no Texto\" data-track-links=\"\"> &#8220;Sei que a minha beleza \u00e9 o livro, as pessoas olham para mim e veem p\u00e1ginas no meio&#8221;, disse Valter Hugo M\u00e3e logo no in\u00edcio da mesa &#8220;O escritor de dois mundos&#8221;, mediada pelo jornalista Walter Porto, que lotou o Audit\u00f3rio da Matriz \u00e0s 13h30 desta sexta-feira na <a class=\"\" href=\"https:\/\/oglobo.globo.com\/tudo-sobre\/assunto\/flip-2025\/\" rel=\"nofollow noopener\" target=\"_blank\">Flip 2025<\/a>. A reflex\u00e3o, em tom de brincadeira, se deu porque o portugu\u00eas, que volta a Paraty depois de 14 anos depois de primeira e \u00fanica participa\u00e7\u00e3o na festa, estava &#8220;nervoso&#8221; e preocupada com a apar\u00eancia no v\u00eddeo, j\u00e1 que todas as palestras da programa\u00e7\u00e3o principal s\u00e3o transmitidas no Audit\u00f3rio da Pra\u00e7a, no canal da Flip no YouTube e pela TV, no Arte1. <\/p>\n<ul class=\"content-unordered-list\">\n<li><strong>A gente n\u00e3o pode permitir tudo \u00e0 morte&#8217;<\/strong>: <a class=\"\" href=\"https:\/\/oglobo.globo.com\/cultura\/noticia\/2025\/08\/01\/na-flip-valter-hugo-mae-fala-sobre-filme-de-o-filho-de-mil-homens-e-livro-sobre-luto-a-gente-nao-pode-permitir-tudo-a-morte.ghtml\" rel=\"nofollow noopener\" target=\"_blank\">Valter Hugo M\u00e3e fala sobre filme de &#8216;O filho de mil homens&#8217; e livro sobre luto<\/a><\/li>\n<li><strong>De volta<\/strong>:<a class=\"\" href=\"https:\/\/oglobo.globo.com\/cultura\/noticia\/2025\/08\/01\/se-eu-fosse-voce-ganhara-terceiro-filme-com-retorno-de-tony-ramos-e-gloria-pires.ghtml\" rel=\"nofollow noopener\" target=\"_blank\"> &#8216;Se eu fosse voc\u00ea&#8217; ganhar\u00e1 terceiro filme com retorno de Tony Ramos e Gl\u00f3ria Pires<\/a><\/li>\n<\/ul>\n<p class=\" content-text__container \" data-track-category=\"Link no Texto\" data-track-links=\"\"> \u2014 Estou muito nervoso, vou escrachar logo. Parece que estou num precip\u00edcio. Estou consciente de que estou muito gordo. Eu j\u00e1 estou encalhado que chega. N\u00e3o tem como encalhar mais \u2014 disse ele, para a risada geral e, depois, gritos de \u201clindo\u201d vindo dos mais animados. \u2014 N\u00e3o adianta dizer que eu estou lindo, eu \u00e9 que sei. N\u00e3o acredito em nada. Sei que a minha beleza \u00e9 o livro, as pessoas olham para mim e veem p\u00e1ginas no meio. <\/p>\n<p class=\" content-text__container \" data-track-category=\"Link no Texto\" data-track-links=\"\"> A ideia da mesa, anunciada como extra, depois que a toda a programa\u00e7\u00e3o j\u00e1 havia sido divulgada, era falar sobre a adapta\u00e7\u00e3o cinematogr\u00e1fica de \u201cO filho de mil homens\u201d, da Netflix, e o lan\u00e7amento de \u201cEduca\u00e7\u00e3o da tristeza\u201d (Biblioteca Azul), mas o portugu\u00eas passeou por uma infinidade de assuntos. Em todos, levou os leitores-f\u00e3s \u00e0s gargalhadas. <\/p>\n<p class=\" content-text__container \" data-track-category=\"Link no Texto\" data-track-links=\"\"> Teve elogios a Niter\u00f3i, cidade vizinha do Rio onde ele costumava passar f\u00e9rias: \u201cDetesto que falem mal, Niter\u00f3i \u00e9 lindo, chique&#8221;. Met\u00e1foras sobre a fam\u00edlia: \u201c\u00c9 uma empresa, \u00e0s vezes voc\u00ea est\u00e1 na presid\u00eancia, \u00e0s vezes na limpeza&#8221; e &#8220;adoro os meus irm\u00e3os, mas eles s\u00e3o meus patr\u00f5es&#8221;. Lembran\u00e7as da cantora Elza Soares: &#8220;Eu beijei na boca Elza Soares, depois descobri que ela beijou muita gente na boca tamb\u00e9m&#8221;. E sonhos n\u00e3o concretizados com&#8230; Elza Soares: &#8220;Gostaria de ter feito filhos com Elza&#8221;. <\/p>\n<p class=\" content-text__container \" data-track-category=\"Link no Texto\" data-track-links=\"\"> Valter, por\u00e9m, n\u00e3o fugiu dos assuntos principais do dia \u2014 apenas entrecortou-os com as observa\u00e7\u00f5es que deram o tom de show \u00e0 mesa. Sobre o filme &#8220;O filho de mil homens&#8221;, com <a class=\"\" href=\"https:\/\/oglobo.globo.com\/tudo-sobre\/personalidade\/rodrigo-santoro\" rel=\"nofollow noopener\" target=\"_blank\">Rodrigo Santoro<\/a> no papel do protagonista Cris\u00f3stomo, homem que, aos 40 anos, sente a urg\u00eancia de ter filho, Valter explicou porque a produ\u00e7\u00e3o s\u00f3 podia ser brasileira. A dire\u00e7\u00e3o \u00e9 de Daniel Rezende e a estreia acontece ainda neste ano. <\/p>\n<p class=\" content-text__container \" data-track-category=\"Link no Texto\" data-track-links=\"\"> \u2014 O livro tem sido bem acolhido, mas no Brasil teve gente que deu aos filhos nomes de Camilo, Cris\u00f3stomo. A maneira como os leitores brasileiros reagiram foi muito espantosa, teve uma dimens\u00e3o descomunal \u2014 disse o autor, que assistiu ao resultado final pela primeira vez assim que chegou a Paraty, na \u00faltima quarta-feira. \u2014 Amei o filme, vi h\u00e1 dois dias, mas hoje n\u00e3o estou amando muito (risos). Porque acho que \u00e9 poss\u00edvel que filme seja melhor do que o livro. <\/p>\n<p class=\" content-text__container \" data-track-category=\"Link no Texto\" data-track-links=\"\"> Para ele, s\u00f3 existe um caso em que a adapta\u00e7\u00e3o cinematogr\u00e1fica \u00e9 melhor do que a obra original impressa. <\/p>\n<p class=\" content-text__container \" data-track-category=\"Link no Texto\" data-track-links=\"\"> \u2014 Era uma coisa do David Lynch, que fez o &#8220;Cora\u00e7\u00e3o selvagem&#8221;, um filme que eu adoro. E o livro \u00e9 uma porcaria. \u00c9 um segredo s\u00f3 nosso que estou dizendo isso, mas o livro n\u00e3o \u00e9 bom. E eu achava que esse era um caso paradigm\u00e1tico, que n\u00e3o ia ter mais. Agora acho que vou ficar junto de &#8220;Cora\u00e7\u00e3o selvagem&#8221;. Vai estar eu e Barry Gifford, o norte-americano, os dois desolados, naquele contingente, dos livrs que foram superados por um filme. <\/p>\n<p class=\" content-text__container \" data-track-category=\"Link no Texto\" data-track-links=\"\"> O autor contou detalhes tamb\u00e9m sobre o livro mais recente, &#8220;Educa\u00e7\u00e3o da tristeza&#8221;, n\u00e3o fic\u00e7\u00e3o em que aborda os temas do luto e da saudade a partir doas mortes do sobrinho Eduardo, aos 16 anos, e da amiga Isabel Lhano, de 70. A artista pl\u00e1stica morreu seis meses antes do menino, e os textos do livro, que misturam reflex\u00f5es sobre a morte e a conviv\u00eancia com eles com hist\u00f3rias simples do cotidiano, ajudou a elaborar o luto e ressignificar a saudade. <\/p>\n<p class=\" content-text__container \" data-track-category=\"Link no Texto\" data-track-links=\"\"> \u2014 Como eduquei a tristeza, preciso conseguir voltar \u00e0 felicidade. Estou num tempo bem louco, estou catando maravilhas. Meu patrim\u00f4nio, minhas mem\u00f3rias, meus mortos v\u00e3o ser de muita felicidade na minha vida sempre. <\/p>\n","protected":false},"excerpt":{"rendered":"&#8220;Sei que a minha beleza \u00e9 o livro, as pessoas olham para mim e veem p\u00e1ginas no meio&#8221;,&hellip;\n","protected":false},"author":2,"featured_media":12223,"comment_status":"","ping_status":"","sticky":false,"template":"","format":"standard","meta":{"footnotes":""},"categories":[145],"tags":[211,210,114,115,5061,32,33,5062],"class_list":{"0":"post-12222","1":"post","2":"type-post","3":"status-publish","4":"format-standard","5":"has-post-thumbnail","7":"category-celebridades","8":"tag-celebridades","9":"tag-celebrities","10":"tag-entertainment","11":"tag-entretenimento","12":"tag-flip-2025","13":"tag-portugal","14":"tag-pt","15":"tag-rodrigo-santoro"},"share_on_mastodon":{"url":"","error":""},"_links":{"self":[{"href":"https:\/\/www.europesays.com\/pt\/wp-json\/wp\/v2\/posts\/12222","targetHints":{"allow":["GET"]}}],"collection":[{"href":"https:\/\/www.europesays.com\/pt\/wp-json\/wp\/v2\/posts"}],"about":[{"href":"https:\/\/www.europesays.com\/pt\/wp-json\/wp\/v2\/types\/post"}],"author":[{"embeddable":true,"href":"https:\/\/www.europesays.com\/pt\/wp-json\/wp\/v2\/users\/2"}],"replies":[{"embeddable":true,"href":"https:\/\/www.europesays.com\/pt\/wp-json\/wp\/v2\/comments?post=12222"}],"version-history":[{"count":0,"href":"https:\/\/www.europesays.com\/pt\/wp-json\/wp\/v2\/posts\/12222\/revisions"}],"wp:featuredmedia":[{"embeddable":true,"href":"https:\/\/www.europesays.com\/pt\/wp-json\/wp\/v2\/media\/12223"}],"wp:attachment":[{"href":"https:\/\/www.europesays.com\/pt\/wp-json\/wp\/v2\/media?parent=12222"}],"wp:term":[{"taxonomy":"category","embeddable":true,"href":"https:\/\/www.europesays.com\/pt\/wp-json\/wp\/v2\/categories?post=12222"},{"taxonomy":"post_tag","embeddable":true,"href":"https:\/\/www.europesays.com\/pt\/wp-json\/wp\/v2\/tags?post=12222"}],"curies":[{"name":"wp","href":"https:\/\/api.w.org\/{rel}","templated":true}]}}