{"id":122224,"date":"2025-10-22T21:02:26","date_gmt":"2025-10-22T21:02:26","guid":{"rendered":"https:\/\/www.europesays.com\/pt\/122224\/"},"modified":"2025-10-22T21:02:26","modified_gmt":"2025-10-22T21:02:26","slug":"o-imperio-das-sombras-de-fernando-pinheiro-livros","status":"publish","type":"post","link":"https:\/\/www.europesays.com\/pt\/122224\/","title":{"rendered":"O Imp\u00e9rio das Sombras de Fernando Pinheiro &#8211; Livros"},"content":{"rendered":"<p style=\"text-align: justify; \">O LIVRO: O escritor Fernando Pinheiro, no livro \u201cO Imp\u00e9rio das Sombras\u201d, desmonta o aparelho repressivo da Inquisi\u00e7\u00e3o e analisa o doloroso processo da restaura\u00e7\u00e3o da independ\u00eancia perdida para Espanha em 1580. Num contexto profundamente adverso do ponto de vista pol\u00edtico e religioso, dois jovens de Lisboa, Rodrigo e Ver\u00f3nica, protagonizam uma rara e maravilhosa hist\u00f3ria de amor por entre as sombras tenebrosas que asfixiam o reino numa morte lenta.&#13;\n<\/p>\n<p style=\"text-align: justify; \"> O AUTOR: Fernando Pinheiro nasceu em Barcelos em 1949 e reside em Braga. \u00c9 licenciado em Direito e em Estudos Superiores Especializados em Teatro na Educa\u00e7\u00e3o. Esteve na funda\u00e7\u00e3o de jornais, revistas e editoras, sendo, atualmente, dramaturgo, encenador e ator. Tem muita obra publicada em poesia, conto, fic\u00e7\u00e3o, ensaio e monografia hist\u00f3rico-cultural sobre o patrim\u00f3nio imaterial de Braga. No plano liter\u00e1rio publicou livros de contos: &#8220;Ret\u00e1bulo da Folia&#8221;, (1984) edi\u00e7\u00e3o da Autores de Braga, &#8220;Sete Salmos e uma Lenda&#8221;, (2002) com a chancela da Palavra d&#8217;Honra de Barcelos, &#8220;O Pugilista de Deus e Outros Contos&#8221;, (2005) \u00faltimo t\u00edtulo da extinta Autores de Braga, &#8220;Linho de Cuco&#8221;, (2005) pela Editorial Palavra d&#8217;Honra, &#8220;O Voo do Gafanhoto&#8221;, (2008) Opera Omnia, &#8220;Jardim das Del\u00edcias&#8221;, (2009) Cal\u00edgrafo. O seu projeto ficcional conta ainda com os romances &#8220;O Amante das Dunas&#8221;, na Cooperativa Milho-Rei, Barcelos (1987), cuja 2.\u00aa ed. se intitulou &#8220;Sonho e Paix\u00e3o em Ap\u00falia&#8221;, Cal\u00edgrafo (2012), a &#8220;Forasteira&#8221; (1991, 2006), e &#8220;Gualdim Pais&#8221;. O &#8220;Fronteiro de Deus&#8221; (2018). Publicou tamb\u00e9m t\u00edtulos po\u00e9ticos: &#8220;Liricassim\/Lirican\u00e3o&#8221; (1983 e 2003), &#8220;Odes, Sonetos e Coisas do G\u00e9nero&#8221; (2003), &#8220;Pol\u00edticas, Sat\u00edricas e Sentimentais&#8221; (2004), de cujo texto organizou um espet\u00e1culo de teatro po\u00e9tico, &#8220;Orat\u00f3rio Profano&#8221; (2008), &#8220;Baile Divino&#8221; (2008) e &#8220;Assento Dom\u00e9stico&#8221; (2013), para al\u00e9m da edi\u00e7\u00e3o dos t\u00edtulos juvenis &#8220;Queda num Po\u00e7o de Luz&#8221;(1978) e &#8220;I\u00e7ar a Voz Contra o Vento&#8221; (1979). Participou nas colet\u00e2neas &#8220;Afluentes de Liberdade&#8221; (1983), na Cooperativa Milho-Rei, Barcelos, &#8220;Pedras no Rio do Tempo&#8221; (1994), ed. da C\u00e2mara Municipal de Barcelos, &#8220;Contos do Minho&#8221;, (2003) da Ave Rara, P\u00f3voa de Lanhoso e &#8220;A Cabeleira de Berenice&#8221; (2004), editorial Palavra d&#8217;Honra  Barcelos, e &#8220;Dias do Pai&#8221; (2006) da Ave Rara, P\u00f3voa de Lanhoso. Escreveu e adaptou teatro, representado, mas n\u00e3o publicado e organizado em trilogias pantom\u00edmica, escreveu as farsas &#8220;Barcelos By Nigth&#8221;, e &#8220;O Fim do \u00daltimo Epis\u00f3dio&#8221;, para al\u00e9m de ter apresentado duas pe\u00e7as de teatro para a inf\u00e2ncia: &#8220;Constantino Guardador de Vacas e de Sonhos&#8221;, a partir de Alves Redol e &#8220;O Mist\u00e9rio do Fantoche Abandonado&#8221;. No dom\u00ednio da trag\u00e9di, escreveu &#8220;A Paix\u00e3o de Cristo&#8221;, adaptada da obra &#8220;O M\u00e1rtir do Calv\u00e1rio&#8221;, de Eduardo Garrido. \u00c9 autor das monografias: &#8220;O Artista Tranquilo&#8221;, sobre a vida e obra de Mestre Jos\u00e9 Veiga e publicada pela C\u00e2mara Municipal de Braga (2000); &#8220;Teatro em Arentim, 40 Anos de F\u00e9 e Tradi\u00e7\u00e3o&#8221; (2006); &#8220;A Freguesia de S. Vicente, Uma J\u00f3ia Cultural Arquitect\u00f3nica e Humana&#8221; (2010); &#8220;Grupo Folcl\u00f3rico Dr. Gon\u00e7alo Sampaio, Um Sonho do Cora\u00e7\u00e3o&#8221; (2011).\u00a0<\/p>\n","protected":false},"excerpt":{"rendered":"O LIVRO: O escritor Fernando Pinheiro, no livro \u201cO Imp\u00e9rio das Sombras\u201d, desmonta o aparelho repressivo da Inquisi\u00e7\u00e3o&hellip;\n","protected":false},"author":2,"featured_media":122225,"comment_status":"","ping_status":"","sticky":false,"template":"","format":"standard","meta":{"footnotes":""},"categories":[143],"tags":[169,114,115,170,32,33],"class_list":{"0":"post-122224","1":"post","2":"type-post","3":"status-publish","4":"format-standard","5":"has-post-thumbnail","7":"category-livros","8":"tag-books","9":"tag-entertainment","10":"tag-entretenimento","11":"tag-livros","12":"tag-portugal","13":"tag-pt"},"share_on_mastodon":{"url":"https:\/\/pubeurope.com\/@pt\/115419844174076640","error":""},"_links":{"self":[{"href":"https:\/\/www.europesays.com\/pt\/wp-json\/wp\/v2\/posts\/122224","targetHints":{"allow":["GET"]}}],"collection":[{"href":"https:\/\/www.europesays.com\/pt\/wp-json\/wp\/v2\/posts"}],"about":[{"href":"https:\/\/www.europesays.com\/pt\/wp-json\/wp\/v2\/types\/post"}],"author":[{"embeddable":true,"href":"https:\/\/www.europesays.com\/pt\/wp-json\/wp\/v2\/users\/2"}],"replies":[{"embeddable":true,"href":"https:\/\/www.europesays.com\/pt\/wp-json\/wp\/v2\/comments?post=122224"}],"version-history":[{"count":0,"href":"https:\/\/www.europesays.com\/pt\/wp-json\/wp\/v2\/posts\/122224\/revisions"}],"wp:featuredmedia":[{"embeddable":true,"href":"https:\/\/www.europesays.com\/pt\/wp-json\/wp\/v2\/media\/122225"}],"wp:attachment":[{"href":"https:\/\/www.europesays.com\/pt\/wp-json\/wp\/v2\/media?parent=122224"}],"wp:term":[{"taxonomy":"category","embeddable":true,"href":"https:\/\/www.europesays.com\/pt\/wp-json\/wp\/v2\/categories?post=122224"},{"taxonomy":"post_tag","embeddable":true,"href":"https:\/\/www.europesays.com\/pt\/wp-json\/wp\/v2\/tags?post=122224"}],"curies":[{"name":"wp","href":"https:\/\/api.w.org\/{rel}","templated":true}]}}