{"id":122226,"date":"2025-10-22T21:03:13","date_gmt":"2025-10-22T21:03:13","guid":{"rendered":"https:\/\/www.europesays.com\/pt\/122226\/"},"modified":"2025-10-22T21:03:13","modified_gmt":"2025-10-22T21:03:13","slug":"dina-volta-dos-mortos-e-tem-momento-emocionante-com-estela","status":"publish","type":"post","link":"https:\/\/www.europesays.com\/pt\/122226\/","title":{"rendered":"Din\u00e1 volta dos mortos e tem momento emocionante com Estela"},"content":{"rendered":"<p>Em <a href=\"https:\/\/natelinha.uol.com.br\/novelas\/a-viagem\" rel=\"nofollow noopener\" target=\"_blank\">A Viagem<\/a>, <a href=\"https:\/\/natelinha.uol.com.br\/novelas\/a-viagem\/personagem\/dina\" rel=\"nofollow noopener\" target=\"_blank\">Din\u00e1<\/a> (Christiane Torloni) voltar\u00e1 dos mortos e ter\u00e1 um encontro emocionante com <a href=\"https:\/\/natelinha.uol.com.br\/novelas\/a-viagem\/personagem\/estela\" rel=\"nofollow noopener\" target=\"_blank\">Estela<\/a> (Lucinha Lins). A princ\u00edpio, a irm\u00e3 ser\u00e1 a \u00fanica a sentir a presen\u00e7a do esp\u00edrito. A novela est\u00e1 em reta final no Vale a Pena Ver de Novo, na Globo.<\/p>\n<p>Din\u00e1 conseguir\u00e1 a permiss\u00e3o de Andr\u00e9 (Lafayette Galv\u00e3o) para voltar \u00e0 Terra. Ela vir\u00e1 acompanhada de <a href=\"https:\/\/natelinha.uol.com.br\/novelas\/a-viagem\/personagem\/otavio\" rel=\"nofollow noopener\" target=\"_blank\">Ot\u00e1vio<\/a> (Antonio Fagundes), que tamb\u00e9m visitar\u00e1 a fam\u00edlia.<\/p>\n<p>+ <a href=\"https:\/\/natelinha.uol.com.br\/novelas\/2025\/10\/22\/rainha-da-sucata-substitui-a-viagem-na-globo-saiba-quando-estreia-232913.php\" rel=\"nofollow noopener\" target=\"_blank\">Rainha da Sucata substitui A Viagem na Globo; saiba quando estreia<\/a><\/p>\n<p>continua depois da publicidade<\/p>\n<p>+ <a href=\"https:\/\/natelinha.uol.com.br\/famosos\/2025\/10\/22\/tiro-sequelas-fora-da-tv-como-estao-hoje-os-filhos-de-dona-armenia-em-rainha-da-sucata-232919.php\" rel=\"nofollow noopener\" target=\"_blank\">Tiro, sequelas, fora da TV: Como est\u00e3o hoje os filhos de Dona Arm\u00eania em Rainha da Sucata?<\/a><\/p>\n<p>Certa noite, Din\u00e1 visitar\u00e1 a filha <a href=\"https:\/\/natelinha.uol.com.br\/novelas\/a-viagem\/personagem\/paty\" rel=\"nofollow noopener\" target=\"_blank\">Paty<\/a> (Viviane Pinheiro) e far\u00e1 um carinho na filha enquanto a menina dorme. Depois, ela vai para o quarto de <a href=\"https:\/\/natelinha.uol.com.br\/novelas\/a-viagem\/personagem\/maroca\" rel=\"nofollow noopener\" target=\"_blank\">Maroca<\/a> (Yara Cortes), que se sentir\u00e1 bem, apesar de n\u00e3o perceber a presen\u00e7a da filha no local.<\/p>\n<p>Estela entra no quarto de Maroca e ter\u00e1 uma estranha sensa\u00e7\u00e3o. \u201cMam\u00e3e\u2026 A senhora botou o perfume da Din\u00e1?\u201d, pergunta a irm\u00e3 da falecida. \u201cEu? N\u00e3o! Por qu\u00ea?\u201d, dir\u00e1 a veterana. O esp\u00edrito, que est\u00e1 ali do lado delas, se emociona com a situa\u00e7\u00e3o.<\/p>\n<p>continua depois da publicidade<\/p>\n<p>Mais tarde, Estela conseguir\u00e1 sentir de forma mais clara a presen\u00e7a de Din\u00e1. As duas chegam a se comunicar, e o fantasma se compromete em proteger toda a fam\u00edlia.<\/p>\n<p>+ <a href=\"https:\/\/natelinha.uol.com.br\/novelas\/2025\/10\/21\/a-viagem-casamento-de-fatima-e-agenor-tem-grande-surpresa-saiba-qual-232888.php\" rel=\"nofollow noopener\" target=\"_blank\">A Viagem: Casamento de F\u00e1tima e Agenor tem grande surpresa; saiba qual<\/a><\/p>\n<p>+ <a href=\"https:\/\/natelinha.uol.com.br\/novelas\/2025\/10\/20\/o-que-falta-acontecer-em-a-viagem-novela-chega-a-reta-final-na-globo-232849.php\" rel=\"nofollow noopener\" target=\"_blank\">O que falta acontecer em A Viagem? Novela chega \u00e0 reta final na Globo<\/a><\/p>\n<p>+ <a href=\"https:\/\/natelinha.uol.com.br\/novelas\/2025\/10\/16\/depois-de-dina-outra-personagem-ainda-vai-morrer-em-a-viagem-saiba-quem-232718.php\" rel=\"nofollow noopener\" target=\"_blank\">Depois de Din\u00e1: Outra personagem ainda vai morrer em A Viagem; saiba quem<\/a><\/p>\n<p>Exibida na Globo em 1994, <a href=\"https:\/\/natelinha.uol.com.br\/novelas\/a-viagem\" rel=\"nofollow noopener\" target=\"_blank\">A Viagem<\/a> foi escrita por Ivani Ribeiro (1922-1995), com colabora\u00e7\u00e3o de Solange Castro Neves, baseada na novela hom\u00f4nima da autora, que foi ao ar na Tupi em 1975. A dire\u00e7\u00e3o \u00e9 de Ign\u00e1cio Coqueiro e Maur\u00edcio Farias, com dire\u00e7\u00e3o geral de Wolf Maya.<\/p>\n<p>continua depois da publicidade<\/p>\n<p>O <strong>NaTelinha<\/strong> divulga todos os dias os resumos dos cap\u00edtulos, detalhes dos personagens, entrevistas exclusivas com o elenco e spoilers da novela A Viagem. <a href=\"https:\/\/natelinha.uol.com.br\/novelas\" rel=\"nofollow noopener\" target=\"_blank\">Confira!<\/a><\/p>\n<p>\u00a0<\/p>\n","protected":false},"excerpt":{"rendered":"Em A Viagem, Din\u00e1 (Christiane Torloni) voltar\u00e1 dos mortos e ter\u00e1 um encontro emocionante com Estela (Lucinha Lins).&hellip;\n","protected":false},"author":2,"featured_media":122227,"comment_status":"","ping_status":"","sticky":false,"template":"","format":"standard","meta":{"footnotes":""},"categories":[142],"tags":[2872,9220,114,115,9219,32,33,151],"class_list":{"0":"post-122226","1":"post","2":"type-post","3":"status-publish","4":"format-standard","5":"has-post-thumbnail","7":"category-tv","8":"tag-a-viagem","9":"tag-dina-a-viagem","10":"tag-entertainment","11":"tag-entretenimento","12":"tag-estela-a-viagem","13":"tag-portugal","14":"tag-pt","15":"tag-tv"},"share_on_mastodon":{"url":"https:\/\/pubeurope.com\/@pt\/115419847266883883","error":""},"_links":{"self":[{"href":"https:\/\/www.europesays.com\/pt\/wp-json\/wp\/v2\/posts\/122226","targetHints":{"allow":["GET"]}}],"collection":[{"href":"https:\/\/www.europesays.com\/pt\/wp-json\/wp\/v2\/posts"}],"about":[{"href":"https:\/\/www.europesays.com\/pt\/wp-json\/wp\/v2\/types\/post"}],"author":[{"embeddable":true,"href":"https:\/\/www.europesays.com\/pt\/wp-json\/wp\/v2\/users\/2"}],"replies":[{"embeddable":true,"href":"https:\/\/www.europesays.com\/pt\/wp-json\/wp\/v2\/comments?post=122226"}],"version-history":[{"count":0,"href":"https:\/\/www.europesays.com\/pt\/wp-json\/wp\/v2\/posts\/122226\/revisions"}],"wp:featuredmedia":[{"embeddable":true,"href":"https:\/\/www.europesays.com\/pt\/wp-json\/wp\/v2\/media\/122227"}],"wp:attachment":[{"href":"https:\/\/www.europesays.com\/pt\/wp-json\/wp\/v2\/media?parent=122226"}],"wp:term":[{"taxonomy":"category","embeddable":true,"href":"https:\/\/www.europesays.com\/pt\/wp-json\/wp\/v2\/categories?post=122226"},{"taxonomy":"post_tag","embeddable":true,"href":"https:\/\/www.europesays.com\/pt\/wp-json\/wp\/v2\/tags?post=122226"}],"curies":[{"name":"wp","href":"https:\/\/api.w.org\/{rel}","templated":true}]}}