{"id":122242,"date":"2025-10-22T21:26:23","date_gmt":"2025-10-22T21:26:23","guid":{"rendered":"https:\/\/www.europesays.com\/pt\/122242\/"},"modified":"2025-10-22T21:26:23","modified_gmt":"2025-10-22T21:26:23","slug":"familia-de-bruno-simao-quebra-o-silencio-sobre-polemica-apos-comentarios-sobre-a-mulher-e-as-filhas-o-bruno","status":"publish","type":"post","link":"https:\/\/www.europesays.com\/pt\/122242\/","title":{"rendered":"Fam\u00edlia de Bruno Sim\u00e3o quebra o sil\u00eancio sobre pol\u00e9mica: &#8220;Ap\u00f3s coment\u00e1rios sobre a mulher e as filhas, o Bruno&#8230;&#8221;"},"content":{"rendered":"<p>Os mais recentes dias t\u00eam sido complicados para <a href=\"https:\/\/selfie.iol.pt\/famosos\/casa-dos-segredos\/secret-story-bruno-e-irmao-de-famoso-e-tem-ligacao-a-comentador-da-tvi\/20250915\/68c83d36d34ee0c2fed02132\" target=\"_blank\" rel=\"nofollow noopener\">Bruno Sim\u00e3o<\/a>, que, em &#8220;<a href=\"https:\/\/tvi.iol.pt\/secretstory\/\" target=\"_blank\" rel=\"nofollow noopener\">Secret Story &#8211; Casa dos Segredos<\/a>&#8220;, se viu envolvido numa pol\u00e9mica com <a href=\"https:\/\/selfie.iol.pt\/famosos\/casa-dos-segredos\/vera-claudia-quebra-o-silencio-sobre-aproximacao-de-dylan-fonte-e-ines-gama-e-fala-em-vinganca\/20251021\/68f76e57d34e58bc67972351\" target=\"_blank\" rel=\"nofollow noopener\">Vera Cl\u00e1udia<\/a>.<\/p>\n<p>Entretanto, no Instagram, a fam\u00edlia do concorrente do reality show da <a href=\"https:\/\/tvi.iol.pt\/\" target=\"_blank\" rel=\"nofollow noopener\">TVI<\/a> quebrou o sil\u00eancio sobre esta controv\u00e9rsia: &#8220;Nos \u00faltimos dias, muito tem sido dito sobre o Bruno ap\u00f3s os acontecimentos no &#8216;Secret Story&#8217;. A verdade \u00e9 que, depois de ouvir coment\u00e1rios sobre a mulher e as filhas, o Bruno reagiu de forma emocional, dizendo que as filhas da participante poderiam sentir vergonha de certos comportamentos dentro da casa.&#8221;<\/p>\n<p>&#8220;\u00c9 importante deixar claro que essa rea\u00e7\u00e3o n\u00e3o teve qualquer inten\u00e7\u00e3o de ofender crian\u00e7as nem fam\u00edlias. Foi apenas um desabafo num momento de defesa pessoal, ap\u00f3s ver a pr\u00f3pria fam\u00edlia envolvida injustamente em conversas que ultrapassaram os limites do jogo&#8221;, acrescentou a fam\u00edlia nesta mensagem.<\/p>\n<p>De seguida, os entes queridos de Bruno Sim\u00e3o sublinharam: &#8220;O Bruno sempre defendeu o respeito, a verdade e a dignidade &#8211; dentro e fora da casa. Reconhece que o ambiente \u00e9 intenso e que todos erram, mas continua fiel aos valores e ao amor pela fam\u00edlia.&#8221;<\/p>\n<p>&#8220;Que o foco se mantenha no jogo, com respeito por todos os envolvidos&#8221;, completaram.<\/p>\n<blockquote class=\"instagram-media\" data-instgrm-captioned=\"\" data-instgrm-permalink=\"https:\/\/www.instagram.com\/p\/DQCvK1fiDW6\/?utm_source=ig_embed&amp;utm_campaign=loading\" data-instgrm-version=\"14\" style=\" background:#FFF; border:0; border-radius:3px; box-shadow:0 0 1px 0 rgba(0,0,0,0.5),0 1px 10px 0 rgba(0,0,0,0.15); margin: 1px; max-width:540px; min-width:326px; padding:0; width:99.375%; width:-webkit-calc(100% - 2px); width:calc(100% - 2px);\">\n<\/blockquote>\n<p>                        <script async src=\"\/\/www.instagram.com\/embed.js\"><\/script><\/p>\n","protected":false},"excerpt":{"rendered":"Os mais recentes dias t\u00eam sido complicados para Bruno Sim\u00e3o, que, em &#8220;Secret Story &#8211; Casa dos Segredos&#8220;,&hellip;\n","protected":false},"author":2,"featured_media":122243,"comment_status":"","ping_status":"","sticky":false,"template":"","format":"standard","meta":{"footnotes":""},"categories":[85],"tags":[19139,2632,114,115,980,1015,619,2771,32,33,1014,1315,1012,162],"class_list":{"0":"post-122242","1":"post","2":"type-post","3":"status-publish","4":"format-standard","5":"has-post-thumbnail","7":"category-entretenimento","8":"tag-bruno-simao","9":"tag-casa-dos-segredos","10":"tag-entertainment","11":"tag-entretenimento","12":"tag-famosos","13":"tag-instagram","14":"tag-nacional","15":"tag-polemica","16":"tag-portugal","17":"tag-pt","18":"tag-reality-show","19":"tag-secret-story","20":"tag-selfie","21":"tag-tvi"},"share_on_mastodon":{"url":"https:\/\/pubeurope.com\/@pt\/115419937674921055","error":""},"_links":{"self":[{"href":"https:\/\/www.europesays.com\/pt\/wp-json\/wp\/v2\/posts\/122242","targetHints":{"allow":["GET"]}}],"collection":[{"href":"https:\/\/www.europesays.com\/pt\/wp-json\/wp\/v2\/posts"}],"about":[{"href":"https:\/\/www.europesays.com\/pt\/wp-json\/wp\/v2\/types\/post"}],"author":[{"embeddable":true,"href":"https:\/\/www.europesays.com\/pt\/wp-json\/wp\/v2\/users\/2"}],"replies":[{"embeddable":true,"href":"https:\/\/www.europesays.com\/pt\/wp-json\/wp\/v2\/comments?post=122242"}],"version-history":[{"count":0,"href":"https:\/\/www.europesays.com\/pt\/wp-json\/wp\/v2\/posts\/122242\/revisions"}],"wp:featuredmedia":[{"embeddable":true,"href":"https:\/\/www.europesays.com\/pt\/wp-json\/wp\/v2\/media\/122243"}],"wp:attachment":[{"href":"https:\/\/www.europesays.com\/pt\/wp-json\/wp\/v2\/media?parent=122242"}],"wp:term":[{"taxonomy":"category","embeddable":true,"href":"https:\/\/www.europesays.com\/pt\/wp-json\/wp\/v2\/categories?post=122242"},{"taxonomy":"post_tag","embeddable":true,"href":"https:\/\/www.europesays.com\/pt\/wp-json\/wp\/v2\/tags?post=122242"}],"curies":[{"name":"wp","href":"https:\/\/api.w.org\/{rel}","templated":true}]}}