{"id":122244,"date":"2025-10-22T21:29:16","date_gmt":"2025-10-22T21:29:16","guid":{"rendered":"https:\/\/www.europesays.com\/pt\/122244\/"},"modified":"2025-10-22T21:29:16","modified_gmt":"2025-10-22T21:29:16","slug":"tribunal-da-onu-diz-que-israel-deve-garantir-as-necessidades-basicas-da-populacao-de-gaza","status":"publish","type":"post","link":"https:\/\/www.europesays.com\/pt\/122244\/","title":{"rendered":"Tribunal da ONU diz que Israel deve garantir as &#8220;necessidades b\u00e1sicas&#8221; da popula\u00e7\u00e3o de Gaza"},"content":{"rendered":"<p>                O tribunal declarou que tem compet\u00eancia para se pronunciar &#8220;de forma coerente&#8221; sobre as obriga\u00e7\u00f5es de Israel, enquanto pot\u00eancia ocupante dos territ\u00f3rios palestinianos, em rela\u00e7\u00e3o a ag\u00eancias humanit\u00e1rias, como \u00e9 o caso da Ag\u00eancia das Na\u00e7\u00f5es Unidas de Assist\u00eancia aos Refugiados da Palestina (UNRWA).<\/p>\n<p><b>No seu parecer, que n\u00e3o \u00e9 juridicamente vinculativo, o tribunal declarou que Israel deve satisfazer as &#8220;necessidades b\u00e1sicas&#8221; da popula\u00e7\u00e3o de Gaza, incluindo fornecer-lhe tudo o que precisa para sobreviver, e que n\u00e3o pode recorrer \u00e0 fome como &#8220;m\u00e9todo de guerra&#8221;.<\/b><br \/>&#13;\n<\/p>\n<p>          <img decoding=\"async\" itemprop=\"image\" class=\"img-fluid\"   src=\"https:\/\/www.europesays.com\/pt\/wp-content\/uploads\/2025\/10\/933d97fe2d5bb2f9241e1efca5f1d436_N.jpg\"\/><\/p>\n<p>\n&#8220;Enquanto pot\u00eancia ocupante, <b>Israel \u00e9 obrigado a garantir as necessidades b\u00e1sicas da popula\u00e7\u00e3o local, incluindo os fornecimentos essenciais \u00e0 sua sobreviv\u00eancia&#8221;<\/b> e deve &#8220;facilitar os programas de ajuda fornecidos pelas Na\u00e7\u00f5es Unidas e pelas suas entidades, incluindo a UNRWA&#8221;, sublinhou a inst\u00e2ncia judicial internacional, advertindo que <b>o &#8220;bloqueio substancial&#8221; do apoio humanit\u00e1rio por parte de Israel &#8220;durante um per\u00edodo de tempo significativo&#8221; teve &#8220;consequ\u00eancias catastr\u00f3ficas&#8221; para a popula\u00e7\u00e3o na Faixa de Gaza.\u00a0<\/b>O TIJ concluiu tamb\u00e9m que Israel n\u00e3o provou que alguns funcion\u00e1rios da UNRWA s\u00e3o membros do movimento radical palestiniano Hamas, como Telavive tinha acusado no passado.<\/p>\n<p>&#8220;O tribunal conclui que Israel n\u00e3o fundamentou as alega\u00e7\u00f5es de que uma parte significativa dos funcion\u00e1rios da UNRWA s\u00e3o membros do Hamas (&#8230;) ou de outras fa\u00e7\u00f5es terroristas&#8221;, afirmou o presidente do TIJ, Yuji Iwasawa.<br \/>&#13;<br \/>\nIsrael rejeita parecer \u201cvergonhoso\u201d<br \/>&#13;\n<\/p>\n<p>&#13;<br \/>\nNuma mensagem na plataforma de redes sociais X, o Minist\u00e9rio dos Neg\u00f3cios Estrangeiros de Israel afirmou rejeitar categoricamente as conclus\u00f5es do tribunal e classificou o parecer sobre a UNRWA como \u201cvergonhoso\u201d.&#13;\n<\/p>\n<p><b>\u201cIsrael rejeita categoricamente o \u2018parecer consultivo\u2019 do TIJ, que era totalmente previs\u00edvel desde o in\u00edcio em rela\u00e7\u00e3o \u00e0 UNRWA. Esta \u00e9 mais uma tentativa pol\u00edtica de impor medidas pol\u00edticas contra Israel sob o pretexto do \u2018Direito Internacional\u2019\u201d, diz o Minist\u00e9rio israelita, garantindo que Telavive \u201ccumpre integralmente as suas obriga\u00e7\u00f5es ao abrigo do Direito Internacional\u201d.<\/b><\/p>\n<blockquote class=\"twitter-tweet\"><p>&#13;<\/p>\n<p dir=\"ltr\" lang=\"en\">&#13;<br \/>\n\tIsrael categorically rejects the ICJ\u2019s \u201cadvisory opinion,\u201d which was entirely predictable from the outset regarding UNRWA. This is yet another political attempt to impose political measures against Israel under the guise of \u201cInternational Law.\u201d<\/p>\n<p>Today\u2019s ICJ advisory opinion\u2026&#13;\n\t<\/p>\n<p>&#13;<br \/>\n\t\u2014 Israel Foreign Ministry (@IsraelMFA) <a href=\"https:\/\/twitter.com\/IsraelMFA\/status\/1981006386201841702?ref_src=twsrc%5Etfw\" rel=\"nofollow noopener\" target=\"_blank\">October 22, 2025<\/a>&#13;\n<\/p><\/blockquote>\n<p>\n\u201cIsrael rejeita totalmente a politiza\u00e7\u00e3o do Direito Internacional, que procura produzir resultados pol\u00edticos e impor medidas que visam prejudicar o Estado de Israel\u201d, l\u00ea-se ainda na publica\u00e7\u00e3o.<br \/><b>&#8220;Est\u00e3o a culpar Israel por n\u00e3o cooperar com os organismos da ONU. Deviam estar a culpar-se a si pr\u00f3prios. Estes organismos tornaram-se locais de reprodu\u00e7\u00e3o de terroristas. Veja-se, por exemplo, a UNRWA, uma organiza\u00e7\u00e3o que apoiou o Hamas durante anos&#8221;, disse o embaixador israelita nas Na\u00e7\u00f5es Unidas, Danny Danon.<\/b><\/p>\n<p>O parecer do TIJ surge depois de a ONU ter pedido aos ju\u00edzes do tribunal superior um &#8220;parecer consultivo&#8221; quanto \u00e0s obriga\u00e7\u00f5es de Israel, enquanto pot\u00eancia ocupante, em facilitar ajuda humanit\u00e1ria na Faixa de Gaza depois de um bloqueio de v\u00e1rios meses na regi\u00e3o.<\/p>\n<p><b>O delegado palestiniano no TIJ instou a comunidade internacional a garantir que Israel cumpre a decis\u00e3o do Tribunal sobre a entrega de ajuda humanit\u00e1ria a Gaza.<\/b><\/p>\n<p>&#8220;J\u00e1 passou da hora de a comunidade internacional enfrentar o desafio, porque sabemos (&#8230;) que Israel n\u00e3o cumprir\u00e1 esta decis\u00e3o e n\u00e3o respeitar\u00e1 as responsabilidades que lhe foram atribu\u00eddas pelo Tribunal&#8221;, disse Ammar Hijazi aos jornalistas, esta quarta-feira.<\/p>\n<p>&#8220;Portanto, cabe (&#8230;) \u00e0 comunidade internacional defender estes valores e obrigar Israel a cumprir estas leis&#8221;, acrescentou.<\/p>\n<p>Os pareceres consultivos do TIJ t\u00eam peso jur\u00eddico e pol\u00edtico, mas n\u00e3o s\u00e3o vinculativos e o tribunal n\u00e3o tem poder de execu\u00e7\u00e3o. O parecer esclareceu ainda as prote\u00e7\u00f5es que os Estados devem proporcionar aos funcion\u00e1rios da ONU e espera-se que tenha efeitos para al\u00e9m do conflito em Gaza.<\/p>\n<p>c\/ag\u00eancias&#13;\n            <\/p>\n<p><script async src=\"https:\/\/platform.twitter.com\/widgets.js\" charset=\"utf-8\"><\/script><\/p>\n","protected":false},"excerpt":{"rendered":"O tribunal declarou que tem compet\u00eancia para se pronunciar &#8220;de forma coerente&#8221; sobre as obriga\u00e7\u00f5es de Israel, enquanto&hellip;\n","protected":false},"author":2,"featured_media":122245,"comment_status":"","ping_status":"","sticky":false,"template":"","format":"standard","meta":{"footnotes":""},"categories":[50],"tags":[27,28,15,16,532,14,259,25,26,21,22,62,12,13,19,20,910,23,24,28325,17,18,28324,29,30,31,63,64,65],"class_list":{"0":"post-122244","1":"post","2":"type-post","3":"status-publish","4":"format-standard","5":"has-post-thumbnail","7":"category-mundo","8":"tag-breaking-news","9":"tag-breakingnews","10":"tag-featured-news","11":"tag-featurednews","12":"tag-gaza","13":"tag-headlines","14":"tag-israel","15":"tag-latest-news","16":"tag-latestnews","17":"tag-main-news","18":"tag-mainnews","19":"tag-mundo","20":"tag-news","21":"tag-noticias","22":"tag-noticias-principais","23":"tag-noticiasprincipais","24":"tag-onu","25":"tag-principais-noticias","26":"tag-principaisnoticias","27":"tag-tij","28":"tag-top-stories","29":"tag-topstories","30":"tag-tribunal-internacional-de-justica","31":"tag-ultimas","32":"tag-ultimas-noticias","33":"tag-ultimasnoticias","34":"tag-world","35":"tag-world-news","36":"tag-worldnews"},"share_on_mastodon":{"url":"https:\/\/pubeurope.com\/@pt\/115419949594224450","error":""},"_links":{"self":[{"href":"https:\/\/www.europesays.com\/pt\/wp-json\/wp\/v2\/posts\/122244","targetHints":{"allow":["GET"]}}],"collection":[{"href":"https:\/\/www.europesays.com\/pt\/wp-json\/wp\/v2\/posts"}],"about":[{"href":"https:\/\/www.europesays.com\/pt\/wp-json\/wp\/v2\/types\/post"}],"author":[{"embeddable":true,"href":"https:\/\/www.europesays.com\/pt\/wp-json\/wp\/v2\/users\/2"}],"replies":[{"embeddable":true,"href":"https:\/\/www.europesays.com\/pt\/wp-json\/wp\/v2\/comments?post=122244"}],"version-history":[{"count":0,"href":"https:\/\/www.europesays.com\/pt\/wp-json\/wp\/v2\/posts\/122244\/revisions"}],"wp:featuredmedia":[{"embeddable":true,"href":"https:\/\/www.europesays.com\/pt\/wp-json\/wp\/v2\/media\/122245"}],"wp:attachment":[{"href":"https:\/\/www.europesays.com\/pt\/wp-json\/wp\/v2\/media?parent=122244"}],"wp:term":[{"taxonomy":"category","embeddable":true,"href":"https:\/\/www.europesays.com\/pt\/wp-json\/wp\/v2\/categories?post=122244"},{"taxonomy":"post_tag","embeddable":true,"href":"https:\/\/www.europesays.com\/pt\/wp-json\/wp\/v2\/tags?post=122244"}],"curies":[{"name":"wp","href":"https:\/\/api.w.org\/{rel}","templated":true}]}}