{"id":122262,"date":"2025-10-22T21:48:19","date_gmt":"2025-10-22T21:48:19","guid":{"rendered":"https:\/\/www.europesays.com\/pt\/122262\/"},"modified":"2025-10-22T21:48:19","modified_gmt":"2025-10-22T21:48:19","slug":"no-novo-livro-jose-rodrigues-dos-santos-explora-o-poder-dos-psicadelicos-nit","status":"publish","type":"post","link":"https:\/\/www.europesays.com\/pt\/122262\/","title":{"rendered":"No novo livro, Jos\u00e9 Rodrigues dos Santos explora o poder dos psicad\u00e9licos \u2014 NiT"},"content":{"rendered":"<p>Da R\u00fassia \u00e0 China, Tom\u00e1s Noronha, a personagem mais famosa de Jos\u00e9 Rodrigues dos Santos, j\u00e1 viajou pelo mundo inteiro. No novo livro do autor e jornalista, \u201cO Sexto Sentido\u201d, parte noutra viagem, desta vez mais introspetiva. A obra chegou \u00e0s livrarias esta ter\u00e7a-feira, 21 de outubro.<\/p>\n<p>Nas 576 p\u00e1ginas, o autor reflete sobre temas como a morte, a consci\u00eancia e o que pode existir para al\u00e9m do corpo. \u201cQuem conhece os meus romances sabe que eles andam todos em torno da quest\u00e3o do sentido da vida\u201d, diz \u00e0 NiT.<\/p>\n<p>\u201cAbordo esse tema de m\u00faltiplos \u00e2ngulos, da f\u00edsica \u00e0 matem\u00e1tica, da biologia \u00e0 intelig\u00eancia artificial, passando pela etologia, pela filosofia, pela hist\u00f3ria, pela \u00e9tica, pela religi\u00e3o, pela est\u00e9tica, pela economia, pela pol\u00edtica e pela geopol\u00edtica\u201d, acrescenta o autor.<\/p>\n<p>Desta vez, o fio condutor da narrativa s\u00e3o os ente\u00f3genos, subst\u00e2ncias psicotr\u00f3picas com potencial terap\u00eautico, cujo nome grego significa \u201co divino dentro de n\u00f3s\u201d. O autor explica que est\u00e3o a revelar-se eficazes no tratamento de doen\u00e7as como depress\u00e3o, ansiedade, stress p\u00f3s-traum\u00e1tico e depend\u00eancias.<\/p>\n<p>Tudo come\u00e7a com a queda de Kurt Weilmann do d\u00e9cimo andar de um hotel em Lisboa. Antes de morrer, murmura: \u201cunio mystica, misterium tremendum\u201d. As autoridades n\u00e3o sabem se foi acidente, suic\u00eddio ou homic\u00eddio. No quarto, encontram o nome de Tom\u00e1s Noronha escrito numa mensagem. A partir da\u00ed, o historiador \u00e9 envolvido no caso e avisado pela CIA de que est\u00e1 em perigo: quem matou Weilmann tamb\u00e9m o quer eliminar.<\/p>\n<p>A sua sobreviv\u00eancia depende da resolu\u00e7\u00e3o do mist\u00e9rio, que o leva at\u00e9 ao universo dos ente\u00f3genos. A ideia para o livro surgiu ap\u00f3s uma conversa com a filha mais nova. \u201cDe in\u00edcio resisti, mas quando comecei a pesquisar o assunto percebi que o tema era de facto imensamente rico, pois coloca-nos perante os maiores mist\u00e9rios da vida\u201d, conta. \u201cO que acontece quando morremos? Que tipo de liga\u00e7\u00e3o temos com tudo o que nos rodeia? Qual o sentido da nossa exist\u00eancia?\u201d<\/p>\n<p><img decoding=\"async\" loading=\"lazy\" class=\" wp-image-1523524 aligncenter\" src=\"https:\/\/www.europesays.com\/pt\/wp-content\/uploads\/2025\/10\/d7f9872f15cf02e43e40b820cfafd7f1.jpg\" alt=\"\" width=\"321\" height=\"487\"  \/><\/p>\n<p>A investiga\u00e7\u00e3o durou cerca de um ano e baseou-se em dezenas de estudos cient\u00edficos. Durante a pesquisa, descobriu que o Infarmed aprovou recentemente o uso destas subst\u00e2ncias em Portugal, acompanhando uma tend\u00eancia internacional. No entanto, o que mais o impressionou foi o impacto filos\u00f3fico e espiritual. \u201cO poder parece ir para al\u00e9m da terapia. Eles est\u00e3o a mostrar capacidade de nos revelar coisas profundas sobre n\u00f3s mesmos, a realidade, a vida e o universo.\u201d<\/p>\n<p>Este cruzamento entre ci\u00eancia e espiritualidade j\u00e1 \u00e9 habitual nos seus romances, mas nunca foi t\u00e3o evidente. \u201cDesde Espinosa que sabemos que o natural e o divino se cruzam. Deus \u00e9 a natureza e a natureza \u00e9 Deus\u201d, diz. \u201c\u00c9 curioso ver como esta vis\u00e3o filos\u00f3fica encontra eco nas mensagens transmitidas pelos ente\u00f3genos e tamb\u00e9m nas grandes descobertas da f\u00edsica moderna.\u201d<\/p>\n<p>O nome do livro remete para o conceito central da obra. \u201cNa f\u00edsica, h\u00e1 um conceito fundamental designado \u2018fun\u00e7\u00e3o de onda\u2019. Einstein chamava-lhe \u2018campo fantasma\u2019, pois \u00e9 algo \u2018que s\u00f3 adquire realidade quando \u00e9 conscientemente observado\u2019.\u201d Segundo o autor, isso transforma a consci\u00eancia \u201cna verdadeira criadora da realidade\u201d. \u201cO universo criou a consci\u00eancia e, estranhamente, \u00e9 a consci\u00eancia quem cria o universo. Como o faz? Gra\u00e7as a uma esp\u00e9cie de sexto sentido ativado pelos ente\u00f3genos.\u201d<\/p>\n<p>No romance, Tom\u00e1s Noronha submete-se a uma experi\u00eancia controlada com ente\u00f3genos no Centro Champalimaud, com o objetivo de perceber o que acontece ap\u00f3s a morte e talvez descobrir o verdadeiro sentido da vida. \u201cH\u00e1 respostas para os mist\u00e9rios da exist\u00eancia\u201d, garante o autor.<\/p>\n<p>\u201cO Sexto Sentido\u201d j\u00e1 est\u00e1 \u00e0 <a href=\"https:\/\/www.wook.pt\/livro\/o-sexto-sentido-jose-rodrigues-dos-santos\/32627222\" target=\"_blank\" rel=\"nofollow noopener\">venda<\/a> e atualmente encontra-o por 20,25\u20ac, gra\u00e7as a um desconto de 10 por cento. No entanto, o valor habitual vai ser de 22,50\u20ac.<\/p>\n<p>Carregue na galeria para conhecer outros livros que chegam em outubro.<\/p>\n","protected":false},"excerpt":{"rendered":"Da R\u00fassia \u00e0 China, Tom\u00e1s Noronha, a personagem mais famosa de Jos\u00e9 Rodrigues dos Santos, j\u00e1 viajou pelo&hellip;\n","protected":false},"author":2,"featured_media":122263,"comment_status":"","ping_status":"","sticky":false,"template":"","format":"standard","meta":{"footnotes":""},"categories":[143],"tags":[169,114,115,170,32,33],"class_list":{"0":"post-122262","1":"post","2":"type-post","3":"status-publish","4":"format-standard","5":"has-post-thumbnail","7":"category-livros","8":"tag-books","9":"tag-entertainment","10":"tag-entretenimento","11":"tag-livros","12":"tag-portugal","13":"tag-pt"},"share_on_mastodon":{"url":"https:\/\/pubeurope.com\/@pt\/115420024483967633","error":""},"_links":{"self":[{"href":"https:\/\/www.europesays.com\/pt\/wp-json\/wp\/v2\/posts\/122262","targetHints":{"allow":["GET"]}}],"collection":[{"href":"https:\/\/www.europesays.com\/pt\/wp-json\/wp\/v2\/posts"}],"about":[{"href":"https:\/\/www.europesays.com\/pt\/wp-json\/wp\/v2\/types\/post"}],"author":[{"embeddable":true,"href":"https:\/\/www.europesays.com\/pt\/wp-json\/wp\/v2\/users\/2"}],"replies":[{"embeddable":true,"href":"https:\/\/www.europesays.com\/pt\/wp-json\/wp\/v2\/comments?post=122262"}],"version-history":[{"count":0,"href":"https:\/\/www.europesays.com\/pt\/wp-json\/wp\/v2\/posts\/122262\/revisions"}],"wp:featuredmedia":[{"embeddable":true,"href":"https:\/\/www.europesays.com\/pt\/wp-json\/wp\/v2\/media\/122263"}],"wp:attachment":[{"href":"https:\/\/www.europesays.com\/pt\/wp-json\/wp\/v2\/media?parent=122262"}],"wp:term":[{"taxonomy":"category","embeddable":true,"href":"https:\/\/www.europesays.com\/pt\/wp-json\/wp\/v2\/categories?post=122262"},{"taxonomy":"post_tag","embeddable":true,"href":"https:\/\/www.europesays.com\/pt\/wp-json\/wp\/v2\/tags?post=122262"}],"curies":[{"name":"wp","href":"https:\/\/api.w.org\/{rel}","templated":true}]}}