{"id":122268,"date":"2025-10-22T21:53:14","date_gmt":"2025-10-22T21:53:14","guid":{"rendered":"https:\/\/www.europesays.com\/pt\/122268\/"},"modified":"2025-10-22T21:53:14","modified_gmt":"2025-10-22T21:53:14","slug":"prefeitura-municipal-de-ribeirao-preto-8","status":"publish","type":"post","link":"https:\/\/www.europesays.com\/pt\/122268\/","title":{"rendered":"Prefeitura Municipal de Ribeir\u00e3o Preto"},"content":{"rendered":"<p>22\/10\/2025 15:30 &#8211; Sa\u00fade<\/p>\n<p>            Profissionais da sa\u00fade usam criatividade para levar o Outubro Rosa \u00e0s comunidades de Ribeir\u00e3o Preto<\/p>\n<p>            Com rodas de conversa, QR Codes e caf\u00e9 da manh\u00e3, equipes apostam em a\u00e7\u00f5es leves e acess\u00edveis para incentivar a preven\u00e7\u00e3o do c\u00e2ncer de mama<\/p>\n<p>Foto: Divulga\u00e7\u00e3o<\/p>\n<p>&#13;<br \/>\n&#13;<\/p>\n<p><img decoding=\"async\" src=\"https:\/\/www.europesays.com\/pt\/wp-content\/uploads\/2025\/10\/outubrorosasaude_.jpeg\" width=\"500\"\/><\/p>\n<p>&#13;<br \/>\n&#13;<\/p>\n<p>\u00a0<\/p>\n<p>&#13;<br \/>\n&#13;<\/p>\n<p style=\"text-align:justify\">Com rodas de conversa, bombons, caf\u00e9 da manh\u00e3 e at\u00e9 tecnologia, profissionais das UBSs (Unidades B\u00e1sicas de Sa\u00fade) est\u00e3o usando a criatividade para aproximar o tema da preven\u00e7\u00e3o do c\u00e2ncer de mama da rotina das mulheres. As a\u00e7\u00f5es do Outubro Rosa desta semana, promovidas pelas UBSs Presidente Dutra e Jardim Maria das Gra\u00e7as, combinam acolhimento, informa\u00e7\u00e3o e praticidade, com direito a QR Code para agendar a mamografia de rastreio.<\/p>\n<p>&#13;<br \/>\n&#13;<\/p>\n<p style=\"text-align:justify\">\u00a0<\/p>\n<p>&#13;<br \/>\n&#13;<\/p>\n<p style=\"text-align:justify\">Na UBS Presidente Dutra, no Ipiranga, a equipe preparou duas atividades nesta semana. Nesta quinta-feira, 23, uma roda de conversa com o tema \u201cInforma\u00e7\u00e3o \u00e9 poder: o que realmente sabemos sobre o c\u00e2ncer de mama?\u201d vai abrir espa\u00e7o para di\u00e1logo e troca de experi\u00eancias. <\/p>\n<p>&#13;<br \/>\n&#13;<\/p>\n<p style=\"text-align:justify\">\u00a0<\/p>\n<p>&#13;<br \/>\n&#13;<\/p>\n<p style=\"text-align:justify\">Durante o encontro, as enfermeiras distribuir\u00e3o folhetos com QR Codes que direcionam para o agendamento on-line da mamografia, facilitando o acesso ao exame.<\/p>\n<p>&#13;<br \/>\n&#13;<\/p>\n<p style=\"text-align:justify\">\u00a0<\/p>\n<p>&#13;<br \/>\n&#13;<\/p>\n<p style=\"text-align:justify\">Nesta sexta, 24, \u00e0s 14h, profissionais da unidade visitar\u00e3o o audit\u00f3rio da RP Mobi para um bate-papo com as colaboradoras sobre mitos e verdades do c\u00e2ncer de mama. Al\u00e9m da conversa, tamb\u00e9m ser\u00e3o distribu\u00eddos os folhetos com QR Code. Em ambos os encontros, as participantes recebem um bombom de lembran\u00e7a com uma mensagem sobre o autocuidado.<\/p>\n<p>&#13;<br \/>\n&#13;<\/p>\n<p style=\"text-align:justify\">\u00a0<\/p>\n<p>&#13;<br \/>\n&#13;<\/p>\n<p style=\"text-align:justify\">Comunidade das Mangueiras<\/p>\n<p>&#13;<br \/>\n&#13;<\/p>\n<p style=\"text-align:justify\">\u00a0<\/p>\n<p>&#13;<br \/>\n&#13;<\/p>\n<p style=\"text-align:justify\">Tamb\u00e9m na sexta-feira, 24, no Jardim Maria das Gra\u00e7as, outra a\u00e7\u00e3o pretende alcan\u00e7ar as mulheres da comunidade das Mangueiras. A UBS do bairro promove, \u00e0s 9h, uma roda de conversa na Organiza\u00e7\u00e3o Cidadania Ativa, onde as participantes poder\u00e3o tirar d\u00favidas e agendar o exame de mamografia com o apoio da equipe de enfermagem.<\/p>\n<p>&#13;<br \/>\n&#13;<\/p>\n<p style=\"text-align:justify\">\u00a0<\/p>\n<p>&#13;<br \/>\n&#13;<\/p>\n<p style=\"text-align:justify\">O encontro terminar\u00e1 com um caf\u00e9 da manh\u00e3 coletivo, refor\u00e7ando o clima de acolhimento e aproximando a preven\u00e7\u00e3o da realidade cotidiana das mulheres.<\/p>\n<p>&#13;<br \/>\n&#13;<\/p>\n<p>\u00a0<\/p>\n<p>&#13;<\/p>\n","protected":false},"excerpt":{"rendered":"22\/10\/2025 15:30 &#8211; Sa\u00fade Profissionais da sa\u00fade usam criatividade para levar o Outubro Rosa \u00e0s comunidades de Ribeir\u00e3o&hellip;\n","protected":false},"author":2,"featured_media":122269,"comment_status":"","ping_status":"","sticky":false,"template":"","format":"standard","meta":{"footnotes":""},"categories":[86],"tags":[116,9509,32,9508,33,3550,117,9510],"class_list":{"0":"post-122268","1":"post","2":"type-post","3":"status-publish","4":"format-standard","5":"has-post-thumbnail","7":"category-saude","8":"tag-health","9":"tag-noticias-ribeirao-preto","10":"tag-portugal","11":"tag-prefeitura-ribeirao-preto","12":"tag-pt","13":"tag-ribeirao-preto","14":"tag-saude","15":"tag-servicos-ribeirao-preto"},"share_on_mastodon":{"url":"https:\/\/pubeurope.com\/@pt\/115420043900092760","error":""},"_links":{"self":[{"href":"https:\/\/www.europesays.com\/pt\/wp-json\/wp\/v2\/posts\/122268","targetHints":{"allow":["GET"]}}],"collection":[{"href":"https:\/\/www.europesays.com\/pt\/wp-json\/wp\/v2\/posts"}],"about":[{"href":"https:\/\/www.europesays.com\/pt\/wp-json\/wp\/v2\/types\/post"}],"author":[{"embeddable":true,"href":"https:\/\/www.europesays.com\/pt\/wp-json\/wp\/v2\/users\/2"}],"replies":[{"embeddable":true,"href":"https:\/\/www.europesays.com\/pt\/wp-json\/wp\/v2\/comments?post=122268"}],"version-history":[{"count":0,"href":"https:\/\/www.europesays.com\/pt\/wp-json\/wp\/v2\/posts\/122268\/revisions"}],"wp:featuredmedia":[{"embeddable":true,"href":"https:\/\/www.europesays.com\/pt\/wp-json\/wp\/v2\/media\/122269"}],"wp:attachment":[{"href":"https:\/\/www.europesays.com\/pt\/wp-json\/wp\/v2\/media?parent=122268"}],"wp:term":[{"taxonomy":"category","embeddable":true,"href":"https:\/\/www.europesays.com\/pt\/wp-json\/wp\/v2\/categories?post=122268"},{"taxonomy":"post_tag","embeddable":true,"href":"https:\/\/www.europesays.com\/pt\/wp-json\/wp\/v2\/tags?post=122268"}],"curies":[{"name":"wp","href":"https:\/\/api.w.org\/{rel}","templated":true}]}}