{"id":122303,"date":"2025-10-22T22:43:11","date_gmt":"2025-10-22T22:43:11","guid":{"rendered":"https:\/\/www.europesays.com\/pt\/122303\/"},"modified":"2025-10-22T22:43:11","modified_gmt":"2025-10-22T22:43:11","slug":"susana-gravato-a-forma-arrepiante-como-foi-encontrada-a-vereadora-de-vagos-pelo-marido","status":"publish","type":"post","link":"https:\/\/www.europesays.com\/pt\/122303\/","title":{"rendered":"Susana Gravato &#8211; A forma arrepiante como foi encontrada a vereadora de Vagos pelo marido"},"content":{"rendered":"<p><strong>Susana Gravato<\/strong>, vereadora do <strong>PSD na C\u00e2mara Municipal de Vagos<\/strong>, foi <a href=\"https:\/\/www.novagente.pt\/susana-gravato-vereadora-da-camara-municipal-de-vagos-morta-tiro-pelo-filho-de-14-anos\" rel=\"nofollow noopener\" target=\"_blank\">encontrada sem vida<\/a> esta segunda-feira, 20 de outubro, na sua pr\u00f3pria casa. Esta not\u00edcia tem chocado o pa\u00eds, principalmente ao ser revelado que <strong>o principal suspeito \u00e9 o filho mais novo, de 14 anos<\/strong>.<\/p>\n<p>No programa <strong>Dois \u00e0s 10<\/strong>, durante a cr\u00f3nica criminal, foram revelados detalhes da morte de Susana Gravato.<\/p>\n<p>\u201cA advogada <a href=\"https:\/\/www.novagente.pt\/susana-gravato-estava-ao-telemovel-com-amiga-quando-foi-morta-pelo-filho-esta-foi-ultima-palavra-que\" rel=\"nofollow noopener\" target=\"_blank\">estava ao telefone<\/a> com uma amiga e gritou um \u2018ai\u2019, a partir dai a chamada caiu e a amiga n\u00e3o conseguiu retomar a liga\u00e7\u00e3o\u201d, come\u00e7ou a narrar um rep\u00f3rter da <strong>TVI<\/strong>.<\/p>\n<blockquote>\n<p><strong>Leia tamb\u00e9m: Susana Gravato &#8211; <\/strong><a href=\"https:\/\/www.novagente.pt\/susana-gravato-revelados-mais-detalhes-sobre-morte-motivo-do-filho-mae-uma-chata\" rel=\"nofollow noopener\" target=\"_blank\">O motivo inacredit\u00e1vel do filho para atirar contra a m\u00e3e: &#8220;Ter\u00e1 dito que&#8230;&#8221;<\/a><\/p>\n<\/blockquote>\n<p><strong>\u201cLigou ao marido de Susana, que trabalha perto de casa, e foi ele que encontrou a mulher. Estava em cima do sof\u00e1 com sangue e ferimentos de tiro na cabe\u00e7a e tapada com uma manta\u201d<\/strong>, revelou.<\/p>\n<p>E de seguida exp\u00f5e pormenor importante: <strong>\u201cMomentos antes do crime, o filho mais novo de Susana, com apenas 14 anos de idade, despediu-se da m\u00e3e e saiu de casa. Ter\u00e1 sido ele a tapar ou desligar as c\u00e2maras de v\u00eddeo vigil\u00e2ncia para depois cometer o crime\u201d<\/strong>.<\/p>\n<p>De acordo com o comunicado, \u201cfoi poss\u00edvel identificar e recolher v\u00e1rios ind\u00edcios de prova e recuperar<strong> a arma de fogo utilizada, que pertence ao pai do menor<\/strong>\u201d.<\/p>\n<p>\u00a0<\/p>\n<p>Texto: Carolina Charrua; Fotos: Redes sociais<\/p>\n<p class=\"intagram-text\">Siga a Nova Gente no Instagram<\/p>\n<p>                        <a href=\"https:\/\/www.instagram.com\/revistanovagente\/\" target=\"_blank\" aria-label=\"instagram\" rel=\"noopener nofollow\"><img decoding=\"async\" style=\"display: block; margin-left: auto; margin-right: auto; width: 250px; height: 83px;\" src=\"https:\/\/www.europesays.com\/pt\/wp-content\/uploads\/2025\/10\/Instagram_NG.png\" alt=\"instagram\"\/><\/a><br \/>\n                    <script async src=\"\/\/www.instagram.com\/embed.js\"><\/script><\/p>\n","protected":false},"excerpt":{"rendered":"Susana Gravato, vereadora do PSD na C\u00e2mara Municipal de Vagos, foi encontrada sem vida esta segunda-feira, 20 de&hellip;\n","protected":false},"author":2,"featured_media":122304,"comment_status":"","ping_status":"","sticky":false,"template":"","format":"standard","meta":{"footnotes":""},"categories":[145],"tags":[16281,211,210,114,115,3435,5564,1437,32,33,28330,28331,28332],"class_list":{"0":"post-122303","1":"post","2":"type-post","3":"status-publish","4":"format-standard","5":"has-post-thumbnail","7":"category-celebridades","8":"tag-camara-municipal","9":"tag-celebridades","10":"tag-celebrities","11":"tag-entertainment","12":"tag-entretenimento","13":"tag-filho","14":"tag-homicidio","15":"tag-morte","16":"tag-portugal","17":"tag-pt","18":"tag-susana-gravato","19":"tag-vagos","20":"tag-vereadora"},"share_on_mastodon":{"url":"https:\/\/pubeurope.com\/@pt\/115420241001924381","error":""},"_links":{"self":[{"href":"https:\/\/www.europesays.com\/pt\/wp-json\/wp\/v2\/posts\/122303","targetHints":{"allow":["GET"]}}],"collection":[{"href":"https:\/\/www.europesays.com\/pt\/wp-json\/wp\/v2\/posts"}],"about":[{"href":"https:\/\/www.europesays.com\/pt\/wp-json\/wp\/v2\/types\/post"}],"author":[{"embeddable":true,"href":"https:\/\/www.europesays.com\/pt\/wp-json\/wp\/v2\/users\/2"}],"replies":[{"embeddable":true,"href":"https:\/\/www.europesays.com\/pt\/wp-json\/wp\/v2\/comments?post=122303"}],"version-history":[{"count":0,"href":"https:\/\/www.europesays.com\/pt\/wp-json\/wp\/v2\/posts\/122303\/revisions"}],"wp:featuredmedia":[{"embeddable":true,"href":"https:\/\/www.europesays.com\/pt\/wp-json\/wp\/v2\/media\/122304"}],"wp:attachment":[{"href":"https:\/\/www.europesays.com\/pt\/wp-json\/wp\/v2\/media?parent=122303"}],"wp:term":[{"taxonomy":"category","embeddable":true,"href":"https:\/\/www.europesays.com\/pt\/wp-json\/wp\/v2\/categories?post=122303"},{"taxonomy":"post_tag","embeddable":true,"href":"https:\/\/www.europesays.com\/pt\/wp-json\/wp\/v2\/tags?post=122303"}],"curies":[{"name":"wp","href":"https:\/\/api.w.org\/{rel}","templated":true}]}}