{"id":122305,"date":"2025-10-22T22:44:17","date_gmt":"2025-10-22T22:44:17","guid":{"rendered":"https:\/\/www.europesays.com\/pt\/122305\/"},"modified":"2025-10-22T22:44:17","modified_gmt":"2025-10-22T22:44:17","slug":"escultura-invisivel-de-artista-italiano-viraliza-e-surpreende-com-preco-de-r-87-mil","status":"publish","type":"post","link":"https:\/\/www.europesays.com\/pt\/122305\/","title":{"rendered":"Escultura invis\u00edvel de artista italiano viraliza e surpreende com pre\u00e7o de R$ 87 mil"},"content":{"rendered":"<p>\n                        Intitulada &#8216;Eu Sou&#8217;, pe\u00e7a \u00e9 imaterial, ou seja, n\u00e3o possui exist\u00eancia f\u00edsica\n                    <\/p>\n<ul class=\"article__header__author\">\n<li class=\"article__header__author__item\">\n                                                                                    <img loading=\"lazy\" decoding=\"async\" src=\"https:\/\/www.europesays.com\/pt\/wp-content\/uploads\/2025\/10\/microsoftteams-image-(23)-1jy7orqt0u4hi.png\" width=\"32\" height=\"32\" title=\"Reda\u00e7\u00e3o Terra\" alt=\"Reda\u00e7\u00e3o Terra\" class=\"author-picture\"\/><br \/>\n                                                                            Por:<br \/>\n                                                                                    Reda\u00e7\u00e3o Terra\n                                                                        <\/li>\n<\/ul>\n<p>\n                                                                                                                                                                                                                            22 out<br \/>\n                                    2025<br \/>\n                                     &#8211; 15h28\n                                <\/p>\n<p>\n                                                                                                            (atualizado \u00e0s 16h13)\n                                                                    <\/p>\n<p>\n                        <b style=\"margin-bottom: 8px; display: inline-block;\">Resumo<\/b><br \/>O artista italiano Salvatore Garau viralizou por vender, em 2021, uma escultura invis\u00edvel intitulada &#8220;Eu Sou&#8221; por R$ 87 mil, causando repercuss\u00e3o nas redes sociais.\n                    <\/p>\n<p><img loading=\"lazy\" decoding=\"async\" alt=\"Artista italiano viraliza por venda de \u201cescultura\u201d invis\u00edvel por R$ 87 mil\" class=\"img-b970dde6fba4cfa2e8d36dcb9b814de7tul5fq4c\" height=\"410\" src=\"https:\/\/www.europesays.com\/pt\/wp-content\/uploads\/2025\/10\/artista-italiano-t842zejknmsx.png\"  title=\"Artista italiano viraliza por venda de \u201cescultura\u201d invis\u00edvel por R$ 87 mil\" width=\"774\"\/><\/p>\n<p>Artista italiano viraliza por venda de \u201cescultura\u201d invis\u00edvel por R$ 87 mil<\/p>\n<p>Foto: Reprodu\u00e7\u00e3o\/Instagram\/Salvatore Garau<\/p>\n<p class=\"text\">O artista italiano Salvatore Garau voltou a chamar a aten\u00e7\u00e3o nas redes por um motivo inusitado: a venda de uma escultura invis\u00edvel, leiloada em 2021 por R$ 87 mil. A pe\u00e7a \u00e9 imaterial, ou seja, n\u00e3o possui exist\u00eancia f\u00edsica, ao menos fora da mente de seu criador.<\/p>\n<blockquote>\n<\/blockquote>\n<p class=\"text\">Chamada Eu Sou, a escultura n\u00e3o tem forma concreta e foi \u201cexposta\u201d em um espa\u00e7o vazio medindo 1,5 por 1,5 metro. O comprador recebeu um certificado como prova da aquisi\u00e7\u00e3o, sendo que a obra s\u00f3 existe na concep\u00e7\u00e3o do artista.<\/p>\n<p class=\"text\">Apesar de ter sido leiloada em 2021, a obra voltou ao centro das aten\u00e7\u00f5es ap\u00f3s um post viral publicado pelo perfil brit\u00e2nico Pubity, que conta com mais de 40 milh\u00f5es de seguidores no Instagram.<\/p>\n<p class=\"text\">&#8220;Escultura imaterial para ser colocada em um espa\u00e7o livre de qualquer obst\u00e1culo. Dimens\u00f5es vari\u00e1veis, aproximadamente 200 x 200 cm. Obra acompanhada de certificado de autenticidade emitido pelo artista. Obra registrada sob o n\u00famero IM5. Proced\u00eancia: cole\u00e7\u00e3o particular, Mil\u00e3o. Estimativa: 12 mil &#8211; 16 mil euros&#8221;, aponta o certificado da &#8220;escultura&#8221;.<\/p>\n<p class=\"text\">Garau j\u00e1 havia explorado o conceito de arte invis\u00edvel antes. Entre suas cria\u00e7\u00f5es anteriores est\u00e3o &#8220;Buda In Contemplation&#8221; e &#8220;Afrodite Piange&#8221;.<\/p>\n<blockquote class=\"instagram-media\" data-instgrm-captioned=\"\" data-instgrm-permalink=\"https:\/\/www.instagram.com\/p\/CO8mtPMKJiN\/?utm_source=ig_embed&amp;utm_campaign=loading\" data-instgrm-version=\"14\" style=\" background:#FFF; border:0; border-radius:3px; box-shadow:0 0 1px 0 rgba(0,0,0,0.5),0 1px 10px 0 rgba(0,0,0,0.15); margin: 1px; max-width:540px; min-width:326px; padding:0; width:99.375%; width:-webkit-calc(100% - 2px); width:calc(100% - 2px);\">\n<\/blockquote>\n<p>                            <script async src=\"\/\/www.instagram.com\/embed.js\"><\/script><\/p>\n","protected":false},"excerpt":{"rendered":"Intitulada &#8216;Eu Sou&#8217;, pe\u00e7a \u00e9 imaterial, ou seja, n\u00e3o possui exist\u00eancia f\u00edsica Por: Reda\u00e7\u00e3o Terra 22 out 2025&hellip;\n","protected":false},"author":2,"featured_media":122306,"comment_status":"","ping_status":"","sticky":false,"template":"","format":"standard","meta":{"footnotes":""},"categories":[144],"tags":[207,205,206,203,201,202,204,114,115,32,33],"class_list":{"0":"post-122305","1":"post","2":"type-post","3":"status-publish","4":"format-standard","5":"has-post-thumbnail","7":"category-arte-e-design","8":"tag-arte","9":"tag-arte-e-design","10":"tag-artedesign","11":"tag-arts","12":"tag-arts-and-design","13":"tag-artsanddesign","14":"tag-design","15":"tag-entertainment","16":"tag-entretenimento","17":"tag-portugal","18":"tag-pt"},"share_on_mastodon":{"url":"https:\/\/pubeurope.com\/@pt\/115420244517895607","error":""},"_links":{"self":[{"href":"https:\/\/www.europesays.com\/pt\/wp-json\/wp\/v2\/posts\/122305","targetHints":{"allow":["GET"]}}],"collection":[{"href":"https:\/\/www.europesays.com\/pt\/wp-json\/wp\/v2\/posts"}],"about":[{"href":"https:\/\/www.europesays.com\/pt\/wp-json\/wp\/v2\/types\/post"}],"author":[{"embeddable":true,"href":"https:\/\/www.europesays.com\/pt\/wp-json\/wp\/v2\/users\/2"}],"replies":[{"embeddable":true,"href":"https:\/\/www.europesays.com\/pt\/wp-json\/wp\/v2\/comments?post=122305"}],"version-history":[{"count":0,"href":"https:\/\/www.europesays.com\/pt\/wp-json\/wp\/v2\/posts\/122305\/revisions"}],"wp:featuredmedia":[{"embeddable":true,"href":"https:\/\/www.europesays.com\/pt\/wp-json\/wp\/v2\/media\/122306"}],"wp:attachment":[{"href":"https:\/\/www.europesays.com\/pt\/wp-json\/wp\/v2\/media?parent=122305"}],"wp:term":[{"taxonomy":"category","embeddable":true,"href":"https:\/\/www.europesays.com\/pt\/wp-json\/wp\/v2\/categories?post=122305"},{"taxonomy":"post_tag","embeddable":true,"href":"https:\/\/www.europesays.com\/pt\/wp-json\/wp\/v2\/tags?post=122305"}],"curies":[{"name":"wp","href":"https:\/\/api.w.org\/{rel}","templated":true}]}}