{"id":122316,"date":"2025-10-22T22:55:09","date_gmt":"2025-10-22T22:55:09","guid":{"rendered":"https:\/\/www.europesays.com\/pt\/122316\/"},"modified":"2025-10-22T22:55:09","modified_gmt":"2025-10-22T22:55:09","slug":"camara-de-seguranca-nao-cobria-a-varanda-utilizada-pelos-ladroes-para-invadir-o-museu-do-louvre","status":"publish","type":"post","link":"https:\/\/www.europesays.com\/pt\/122316\/","title":{"rendered":"C\u00e2mara de seguran\u00e7a n\u00e3o cobria a varanda utilizada pelos ladr\u00f5es para invadir o Museu do Louvre"},"content":{"rendered":"<p>&#13;<br \/>\nA diretora do museu do Louvre, Laurence des Cars, reconheceu &#8220;um fracasso terr\u00edvel&#8221; tr\u00eas dias ap\u00f3s o grande assalto de que o museu foi alvo. &#8220;<b>Desde que assumi o cargo, n\u00e3o parei de chamar a aten\u00e7\u00e3o das autoridades p\u00fablicas para o estado de degrada\u00e7\u00e3o e obsolesc\u00eancia geral do Louvre, dos seus edif\u00edcios e estruturas&#8221;<\/b>, afirmou.\u00a0&#8220;Estou imensamente magoada por perceber que os alertas que lancei se concretizaram de forma atroz no domingo&#8221;, confessou.\u00a0&#13;\n<\/p>\n<p>&#13;<br \/>\nEm sil\u00eancio desde domingo, Laurence des Cars foi ouvida pela Comiss\u00e3o de Cultura do Senado na tarde desta quarta-feira, tr\u00eas dias ap\u00f3s o espetacular assalto ao museu mais visitado do mundo. Durante a audi\u00eancia, <b>defendeu as suas equipas, mas apontou a &#8220;obsolesc\u00eancia &#8221; dos equipamentos tecnol\u00f3gicos.\u00a0<\/b>&#13;\n<\/p>\n<p>&#13;<br \/>\nA pedido do presidente da Comiss\u00e3o, Laurent Lafon,<b>\u00a0<\/b>a diretora do Louvre recordou a cronologia a partir das 9h30 locais. Ap\u00f3s uma exposi\u00e7\u00e3o detalhada dos acontecimentos, Laurence des Cars voltou a garantir que os alarmes do Louvre funcionaram e que o protocolo de seguran\u00e7a foi respeitado.\u00a0&#13;\n<\/p>\n<p>&#13;<br \/>\n<b>&#8220;Os nossos agentes n\u00e3o est\u00e3o armados, seguiram o protocolo de seguran\u00e7a,&#13;<br \/>\nalertaram a pol\u00edcia e retiraram os visitantes. Gra\u00e7as ao seu &#13;<br \/>\nprofissionalismo, ningu\u00e9m ficou ferido&#8221;<\/b>, sublinhou.&#13;\n<\/p>\n<p>&#13;<br \/>\nAus\u00eancia de c\u00e2maras no exterior &#8220;\u00e9 a nossa fraqueza&#8221;&#13;\n<\/p>\n<p>&#13;<br \/>\nNo entanto, a diretora do museu reconheceu que a falta de videovigil\u00e2ncia no exterior &#8220;n\u00e3o permitiu detetar com anteced\u00eancia suficiente a chegada dos ladr\u00f5es&#8221;.\u00a0&#13;\n<\/p>\n<p>&#13;<br \/>\n&#8220;Existem algumas c\u00e2maras perimetrais, mas<b> est\u00e3o envelhecidas, o &#13;<br \/>\nparque \u00e9 muito insuficiente e, infelizmente, do lado da galeria Apolon, a&#13;<br \/>\n\u00fanica c\u00e2mara est\u00e1 instalada na dire\u00e7\u00e3o oeste e n\u00e3o cobria a varanda &#13;<br \/>\nafetada pelo assalto&#8221;<\/b>, explicou aos senadores franceses.\u00a0<b>&#8220;Essa \u00e9 a nossa fraqueza&#8221;<\/b>, julgou.\u00a0&#13;\n<\/p>\n<p>&#13;<br \/>\nOuvida pela Comiss\u00e3o de Cultura do Senado, Laurence des Cars garantiu que\u00a0<b>&#8220;o sistema de seguran\u00e7a tal como est\u00e1 hoje em vigor na galeria funcionou perfeitamente. O que se coloca \u00e9 a quest\u00e3o da adapta\u00e7\u00e3o deste sistema a um novo tipo de ataque que n\u00e3o tinha sido previsto&#8221;<\/b>, observou.\u00a0&#13;\n<\/p>\n<p><img decoding=\"async\" src=\"https:\/\/www.europesays.com\/pt\/wp-content\/uploads\/2025\/10\/333b977c03c89456d5163aa2d80d94c5\"\/>\u00a0Foto: Sarah Meyssonnier &#8211; Reuters<\/p>\n<p>&#13;<br \/>\n&#8220;Vi o meu nome a ser atirado aos le\u00f5es&#8221;&#13;\n<\/p>\n<p>&#13;<br \/>\nLaurence des Cars, a primeira mulher a assumir a lideran\u00e7a do Louvre, considerou este roubo como &#8220;uma imensa ferida&#8221; causada a si, aos funcion\u00e1rios do museu e aos franceses face aos ataques pessoais de que tem sido alvo.\u00a0&#13;\n<\/p>\n<p>&#13;<br \/>\n<b>&#8220;Este roubo fere a nossa institui\u00e7\u00e3o na sua miss\u00e3o mais profunda, n\u00e3o se trata, de forma alguma, de me esquivar ou adotar uma &#13;<br \/>\nposi\u00e7\u00e3o de nega\u00e7\u00e3o&#8221;<\/b>, declarou. <b>&#8220;Assumi todas as minhas responsabilidades, vi o meu nome ser atirado aos &#13;<br \/>\nle\u00f5es, \u00e9 o Louvre e os seus funcion\u00e1rios que est\u00e3o a ser denegridos&#8221;<\/b>.\u00a0&#13;\n<\/p>\n<p>&#13;<br \/>\nA antiga dirigente\u00a0dos museus parisienses de Orsay e da Orangerie confirmou ter apresentado a sua demiss\u00e3o no domingo \u00e0 ministra francesa da Cultura, Rachida Dati, que &#8220;a recusou&#8221;.\u00a0&#13;\n<\/p>\n<p>&#13;<br \/>\nApelo para a instala\u00e7\u00e3o de uma esquadra no Louvre&#13;\n<\/p>\n<p>&#13;<br \/>\nTr\u00eas dias ap\u00f3s o assalto &#8211; que resultou num preju\u00edzo estimado em 88 milh\u00f5es de euros &#8211; <b>Laurence des Cars anunciou a vontade de instalar uma esquadra da pol\u00edcia dentro do museu <\/b>e a ideia de <b>&#8220;proteger as imedia\u00e7\u00f5es do Louvre, em particular a via p\u00fablica&#8221;<\/b>, nomeadamente com dispositivos de distanciamento que impe\u00e7am o estacionamento de ve\u00edculos em redor do museu.\u00a0&#13;\n<\/p>\n<p>&#13;<br \/>\nSobre as j\u00f3ias roubadas durante o assalto, Laurence des Cars disse ainda que a restaura\u00e7\u00e3o da coroa da imperatriz Eug\u00e9nie deixada para tr\u00e1s ser\u00e1 &#8220;delicada, mas poss\u00edvel&#8221;.\u00a0&#13;<\/p>\n","protected":false},"excerpt":{"rendered":"&#13; A diretora do museu do Louvre, Laurence des Cars, reconheceu &#8220;um fracasso terr\u00edvel&#8221; tr\u00eas dias ap\u00f3s o&hellip;\n","protected":false},"author":2,"featured_media":122317,"comment_status":"","ping_status":"","sticky":false,"template":"","format":"standard","meta":{"footnotes":""},"categories":[50],"tags":[1753,2446,27,28,315,15,16,208,14,3300,25,26,28333,21,22,62,12926,12,13,19,20,2458,23,24,28334,17,18,29,30,31,63,64,65],"class_list":{"0":"post-122316","1":"post","2":"type-post","3":"status-publish","4":"format-standard","5":"has-post-thumbnail","7":"category-mundo","8":"tag-artes","9":"tag-assalto","10":"tag-breaking-news","11":"tag-breakingnews","12":"tag-cultura","13":"tag-featured-news","14":"tag-featurednews","15":"tag-franca","16":"tag-headlines","17":"tag-joias","18":"tag-latest-news","19":"tag-latestnews","20":"tag-laurence-des-cars","21":"tag-main-news","22":"tag-mainnews","23":"tag-mundo","24":"tag-museu-do-louvre","25":"tag-news","26":"tag-noticias","27":"tag-noticias-principais","28":"tag-noticiasprincipais","29":"tag-paris","30":"tag-principais-noticias","31":"tag-principaisnoticias","32":"tag-rachida-dati","33":"tag-top-stories","34":"tag-topstories","35":"tag-ultimas","36":"tag-ultimas-noticias","37":"tag-ultimasnoticias","38":"tag-world","39":"tag-world-news","40":"tag-worldnews"},"share_on_mastodon":{"url":"","error":"Validation failed: Text character limit of 500 exceeded"},"_links":{"self":[{"href":"https:\/\/www.europesays.com\/pt\/wp-json\/wp\/v2\/posts\/122316","targetHints":{"allow":["GET"]}}],"collection":[{"href":"https:\/\/www.europesays.com\/pt\/wp-json\/wp\/v2\/posts"}],"about":[{"href":"https:\/\/www.europesays.com\/pt\/wp-json\/wp\/v2\/types\/post"}],"author":[{"embeddable":true,"href":"https:\/\/www.europesays.com\/pt\/wp-json\/wp\/v2\/users\/2"}],"replies":[{"embeddable":true,"href":"https:\/\/www.europesays.com\/pt\/wp-json\/wp\/v2\/comments?post=122316"}],"version-history":[{"count":0,"href":"https:\/\/www.europesays.com\/pt\/wp-json\/wp\/v2\/posts\/122316\/revisions"}],"wp:featuredmedia":[{"embeddable":true,"href":"https:\/\/www.europesays.com\/pt\/wp-json\/wp\/v2\/media\/122317"}],"wp:attachment":[{"href":"https:\/\/www.europesays.com\/pt\/wp-json\/wp\/v2\/media?parent=122316"}],"wp:term":[{"taxonomy":"category","embeddable":true,"href":"https:\/\/www.europesays.com\/pt\/wp-json\/wp\/v2\/categories?post=122316"},{"taxonomy":"post_tag","embeddable":true,"href":"https:\/\/www.europesays.com\/pt\/wp-json\/wp\/v2\/tags?post=122316"}],"curies":[{"name":"wp","href":"https:\/\/api.w.org\/{rel}","templated":true}]}}