{"id":122324,"date":"2025-10-22T23:01:29","date_gmt":"2025-10-22T23:01:29","guid":{"rendered":"https:\/\/www.europesays.com\/pt\/122324\/"},"modified":"2025-10-22T23:01:29","modified_gmt":"2025-10-22T23:01:29","slug":"rainha-da-sucata-substitui-a-viagem-na-globo-saiba-quando-estreia","status":"publish","type":"post","link":"https:\/\/www.europesays.com\/pt\/122324\/","title":{"rendered":"Rainha da Sucata substitui A Viagem na Globo; saiba quando estreia"},"content":{"rendered":"<p>Cl\u00e1ssico de 1990, <a href=\"https:\/\/natelinha.uol.com.br\/novelas\/rainha-da-sucata\" rel=\"nofollow noopener\" target=\"_blank\">Rainha da Sucata<\/a> substitui <a href=\"https:\/\/natelinha.uol.com.br\/novelas\/a-viagem\" rel=\"nofollow noopener\" target=\"_blank\">A Viagem<\/a> no Vale a Pena Ver de Novo, na Globo. A informa\u00e7\u00e3o foi divulgada pela emissora nesta quarta-feira (22). A trama escrita por <a href=\"https:\/\/natelinha.uol.com.br\/famosos\/tudo-sobre\/silvio-de-abreu\" rel=\"nofollow noopener\" target=\"_blank\">Silvio de Abreu<\/a>, com dire\u00e7\u00e3o de <a href=\"https:\/\/natelinha.uol.com.br\/famosos\/tudo-sobre\/jorge-fernando\" rel=\"nofollow noopener\" target=\"_blank\">Jorge Fernando<\/a> (1955-2019), volta ao ar em 3 de novembro.<\/p>\n<p>continua depois da publicidade<\/p>\n<p>Como o <strong>NaTelinha<\/strong> antecipou mais cedo, <a href=\"https:\/\/natelinha.uol.com.br\/novelas\/2025\/10\/22\/qual-novela-vai-substituir-a-viagem-veja-5-reprises-cotadas-na-globo-232892.php\" rel=\"nofollow noopener\" target=\"_blank\">a novela era uma das mais cotadas<\/a> para ganhar uma reprise comemorativa nos 60 anos da Globo. O folhetim foi ao ar originalmente entre abril e outubro de 1990, na faixa das 20h.<\/p>\n<p>Relembre a hist\u00f3ria de Rainha da Sucata<\/p>\n<p><img decoding=\"async\" loading=\"lazy\" class=\"horizontal\" src=\"https:\/\/www.europesays.com\/pt\/wp-content\/uploads\/2025\/10\/globoplay-novelas-projeto-resgate-rainha-da-sucata-regina-duarte52496286_5195.jpeg\" alt=\"imagem-texto\"\/><\/p>\n<p>Ambientada em S\u00e3o Paulo, a hist\u00f3ria retrata o universo dos novos-ricos e da decadente elite paulista, explorando o contraste e a tens\u00e3o entre a emergente Maria do Carmo, interpretada por <a href=\"https:\/\/natelinha.uol.com.br\/famosos\/tudo-sobre\/regina-duarte\" rel=\"nofollow noopener\" target=\"_blank\">Regina Duarte<\/a>, e a socialite falida Laurinha Figueroa, vivida por <a href=\"https:\/\/natelinha.uol.com.br\/famosos\/tudo-sobre\/gloria-menezes\" rel=\"nofollow noopener\" target=\"_blank\">Gl\u00f3ria Menezes<\/a>.<\/p>\n<p>Na zona norte da capital paulista, Maria do Carmo enriquece com os neg\u00f3cios do pai, o vendedor de ferro-velho Onofre (<a href=\"https:\/\/natelinha.uol.com.br\/famosos\/tudo-sobre\/lima-duarte\" rel=\"nofollow noopener\" target=\"_blank\">Lima Duarte<\/a>), e se torna uma empres\u00e1ria bem-sucedida. Apesar de manter h\u00e1bitos simples, seu grande sonho \u00e9 conquistar a alta sociedade paulistana.<\/p>\n<p>continua depois da publicidade<\/p>\n<p>+\u00a0<a href=\"https:\/\/natelinha.uol.com.br\/novelas\/2025\/10\/21\/quais-novelas-brasileiras-venceram-o-emmy-internacional-veja-a-lista-232854.php\" rel=\"nofollow noopener\" target=\"_blank\">Quais novelas brasileiras venceram o Emmy Internacional? Veja a lista<\/a><\/p>\n<p>Quando seu caminho volta a cruzar com o de Edu (<a href=\"https:\/\/natelinha.uol.com.br\/famosos\/tudo-sobre\/tony-ramos\" rel=\"nofollow noopener\" target=\"_blank\">Tony Ramos<\/a>), um playboy que a humilhava no col\u00e9gio e agora enfrenta a fal\u00eancia ao lado da tradicional fam\u00edlia Albuquerque Figueroa, Maria do Carmo v\u00ea a oportunidade de se vingar e, ao mesmo tempo, adentrar na elite.<\/p>\n<p>Para isso, prop\u00f5e a ele um casamento de conveni\u00eancia: ela tem o dinheiro para bancar a fam\u00edlia que est\u00e1 na ru\u00edna, enquanto ele tem um nome respeitado pela sociedade. Mas o que parecia ser sua grande ascens\u00e3o se revela uma realidade penosa.<\/p>\n<p>continua depois da publicidade<\/p>\n<p>Na mans\u00e3o, a elegante e ardilosa Laurinha, madrasta de Edu, persegue e menospreza Maria do Carmo, tornando sua vida um inferno. Casada com Betinho (<a href=\"https:\/\/natelinha.uol.com.br\/famosos\/tudo-sobre\/paulo-gracindo\" rel=\"nofollow noopener\" target=\"_blank\">Paulo Gracindo<\/a>), a megera nutre uma paix\u00e3o secreta e proibida pelo enteado e faz de tudo para destruir o casamento e arruinar a nova vida da \u201csucateira\u201d.<\/p>\n<p><img decoding=\"async\" loading=\"lazy\" class=\"horizontal\" src=\"https:\/\/www.europesays.com\/pt\/wp-content\/uploads\/2025\/10\/globo-por-onde-andam-os-filhos-de-dona-armenia-de-rainha-da-sucata_826.jpeg\" alt=\"imagem-texto\"\/><\/p>\n<p>Outro destaque na novela \u00e9 a personagem Dona Arm\u00eania, que marcou a carreira de <a href=\"https:\/\/natelinha.uol.com.br\/famosos\/tudo-sobre\/aracy-balabanian\" rel=\"nofollow noopener\" target=\"_blank\">Aracy Balabanian<\/a> (1940-2023). Vizinha da fam\u00edlia de Maria do Carmo, ela n\u00e3o poupa esfor\u00e7os para prejudic\u00e1-la, disposta a colocar o pr\u00e9dio da empresa &#8220;na ch\u00f3n&#8221;.<\/p>\n<p>continua depois da publicidade<\/p>\n<p>+ <a href=\"https:\/\/natelinha.uol.com.br\/famosos\/2025\/10\/22\/tiro-sequelas-fora-da-tv-como-estao-hoje-os-filhos-de-dona-armenia-em-rainha-da-sucata-232919.php\" rel=\"nofollow noopener\" target=\"_blank\">Tiro, sequelas, fora da TV: Como est\u00e3o hoje os filhos de Dona Arm\u00eania em Rainha da Sucata?<\/a><\/p>\n<p>O elenco tamb\u00e9m conta com Antonio Fagundes, Claudia Raia, Marisa Orth, Nicette Bruno, Renata Sorrah, Raul Cortez, Andrea Beltr\u00e3o, Patr\u00edcia Pillar, Maur\u00edcio Mattar e Daniel Filho em pap\u00e9is de destaque.<\/p>\n<blockquote class=\"twitter-tweet\" data-lang=\"pt\" data-width=\"550\" width=\"550\"><p>\n\t\t\t\t\t\t\t\t\t<a href=\"https:\/\/twitter.com\/tvglobo\/status\/1981047076239634863\" rel=\"nofollow noopener\" target=\"_blank\">tvglobo<\/a>\n\t\t\t\t\t\t\t   <\/p><\/blockquote>\n<p>                    <script async src=\"https:\/\/platform.twitter.com\/widgets.js\" charset=\"utf-8\"><\/script><\/p>\n","protected":false},"excerpt":{"rendered":"Cl\u00e1ssico de 1990, Rainha da Sucata substitui A Viagem no Vale a Pena Ver de Novo, na Globo.&hellip;\n","protected":false},"author":2,"featured_media":122325,"comment_status":"","ping_status":"","sticky":false,"template":"","format":"standard","meta":{"footnotes":""},"categories":[142],"tags":[2872,114,115,753,28336,6905,32,33,28335,8067,28337,6463,151,13251],"class_list":{"0":"post-122324","1":"post","2":"type-post","3":"status-publish","4":"format-standard","5":"has-post-thumbnail","7":"category-tv","8":"tag-a-viagem","9":"tag-entertainment","10":"tag-entretenimento","11":"tag-globo","12":"tag-gloria-menezes","13":"tag-jorge-fernando","14":"tag-portugal","15":"tag-pt","16":"tag-rainha-da-sucata","17":"tag-regina-duarte","18":"tag-silvio-de-abreu","19":"tag-tony-ramos","20":"tag-tv","21":"tag-vale-a-pena-ver-de-novo"},"share_on_mastodon":{"url":"https:\/\/pubeurope.com\/@pt\/115420311962941223","error":""},"_links":{"self":[{"href":"https:\/\/www.europesays.com\/pt\/wp-json\/wp\/v2\/posts\/122324","targetHints":{"allow":["GET"]}}],"collection":[{"href":"https:\/\/www.europesays.com\/pt\/wp-json\/wp\/v2\/posts"}],"about":[{"href":"https:\/\/www.europesays.com\/pt\/wp-json\/wp\/v2\/types\/post"}],"author":[{"embeddable":true,"href":"https:\/\/www.europesays.com\/pt\/wp-json\/wp\/v2\/users\/2"}],"replies":[{"embeddable":true,"href":"https:\/\/www.europesays.com\/pt\/wp-json\/wp\/v2\/comments?post=122324"}],"version-history":[{"count":0,"href":"https:\/\/www.europesays.com\/pt\/wp-json\/wp\/v2\/posts\/122324\/revisions"}],"wp:featuredmedia":[{"embeddable":true,"href":"https:\/\/www.europesays.com\/pt\/wp-json\/wp\/v2\/media\/122325"}],"wp:attachment":[{"href":"https:\/\/www.europesays.com\/pt\/wp-json\/wp\/v2\/media?parent=122324"}],"wp:term":[{"taxonomy":"category","embeddable":true,"href":"https:\/\/www.europesays.com\/pt\/wp-json\/wp\/v2\/categories?post=122324"},{"taxonomy":"post_tag","embeddable":true,"href":"https:\/\/www.europesays.com\/pt\/wp-json\/wp\/v2\/tags?post=122324"}],"curies":[{"name":"wp","href":"https:\/\/api.w.org\/{rel}","templated":true}]}}