{"id":122326,"date":"2025-10-22T23:02:21","date_gmt":"2025-10-22T23:02:21","guid":{"rendered":"https:\/\/www.europesays.com\/pt\/122326\/"},"modified":"2025-10-22T23:02:21","modified_gmt":"2025-10-22T23:02:21","slug":"victoria-beckham-responde-de-qual-das-spice-girls-e-mais-proxima-assista","status":"publish","type":"post","link":"https:\/\/www.europesays.com\/pt\/122326\/","title":{"rendered":"Victoria Beckham responde de qual das Spice Girls \u00e9 mais pr\u00f3xima; assista"},"content":{"rendered":"<p>                                Ler resumo &#13;<\/p>\n<p data-start=\"45\" data-end=\"258\" data-is-last-node=\"\" data-is-only-node=\"\">Victoria Beckham participou do podcast &#8220;Call Her Daddy&#8221;, apresentado por Alex Cooper, e falou sobre sua trajet\u00f3ria com as Spice Girls. Durante a conversa, que foi ao ar nesta quarta-feira (22), a Posh Spice foi questionada sobre sua proximidade com as ex-integrantes do grupo.<\/p>\n<p>&#13;<\/p>\n<p><a href=\"https:\/\/hugogloss.uol.com.br\/tag\/victoria-beckham\" target=\"_blank\" rel=\"noopener nofollow\">Victoria Beckham<\/a> se abriu com a apresentadora Alex Cooper e revelou diversas curiosidades sobre sua vida pessoal e a carreira na m\u00fasica junto com as <a href=\"https:\/\/hugogloss.uol.com.br\/tag\/spice-girls\" target=\"_blank\" rel=\"noopener nofollow\">Spice Girls<\/a>. Em entrevista ao podcast \u201c<a href=\"https:\/\/hugogloss.uol.com.br\/tag\/call-her-daddy\" target=\"_blank\" rel=\"noopener nofollow\">Call Her Daddy<\/a>\u201c, nesta quarta-feira (22), a eterna Posh Spice foi questionada se tinha mais proximidade com alguma das meninas da girlband.<\/p>\n<p>\u201cPara ser sincera, \u00e9ramos todas pr\u00f3ximas umas das outras. Quer dizer, cada garota \u00e9 muito diferente. Assim, voc\u00ea precisa se lembrar de que \u00e9ramos cinco meninas desajustadas que ouviram um \u2018n\u00e3o\u2019. Todas ouviram que n\u00e3o \u00e9ramos boas o suficiente\u201d, lembrou a estilista. \u201cTodas n\u00f3s t\u00ednhamos origens muito diferentes, mas trabalh\u00e1vamos juntas. Tamb\u00e9m diz\u00edamos que individualmente n\u00e3o \u00e9ramos t\u00e3o boas, mas juntas \u00e9ramos incr\u00edveis\u201d, acrescentou ela.<\/p>\n<p>\u201cAs pessoas acham que essas imagens foram colocadas em n\u00f3s, que todas pareciam assim. A primeira vez que conheci <a href=\"https:\/\/hugogloss.uol.com.br\/tag\/emma-bunton\" target=\"_blank\" rel=\"noopener nofollow\">Emma [Bunton]<\/a>, \u200b\u200bela tinha aquelas tran\u00e7as e um vestidinho baby doll. <a href=\"https:\/\/hugogloss.uol.com.br\/tag\/geri-halliwell\" target=\"_blank\" rel=\"noopener nofollow\">Geri [Halliwell]<\/a> tinha seios grandes e cabelo ruivo. <a href=\"https:\/\/hugogloss.uol.com.br\/tag\/mel-c\" target=\"_blank\" rel=\"noopener nofollow\">Mel C<\/a> estava de moletom e <a href=\"https:\/\/hugogloss.uol.com.br\/tag\/mel-b\" target=\"_blank\" rel=\"noopener nofollow\">Melanie B<\/a> estava usando estampa de oncinha\u201d, recordou Victoria sobre as outras Spice Girls.<\/p>\n<p> <img loading=\"lazy\" decoding=\"async\" class=\"wp-image-1189842 size-medium img-fluid lazy\" alt=\"victoria beckham\" width=\"617\" height=\"298\" src=\"https:\/\/www.europesays.com\/pt\/wp-content\/uploads\/2025\/10\/victoria-beckham-e1761162766916-617x298.jpg\"  \/>Victoria Beckham participou do podcast \u201cCall Her Daddy\u201d nesta quarta-feira (22) e falou sobre o conv\u00edvio com as outras Spice Girls. (\ud83d\udcf8: Reprodu\u00e7\u00e3o\/Call Her Daddy) <\/p>\n<p>\u201cSabe, isso \u00e9 engra\u00e7ado, porque eu ouvi tantas vezes que isso tudo era feito por um empres\u00e1rio, que havia um homem por tr\u00e1s disso. Que um homem criou essas personagens. Mas isso tudo era a gente. Sabe, eu usei o vestidinho preto e tinha aquele corte de cabelo curtinho castanho. \u00c9 isso o que \u00e9ramos. Ningu\u00e9m colocou isso em n\u00f3s. Isso era t\u00e3o autenticamente n\u00f3s\u201d, finalizou a cantora.<\/p>\n<p>Ainda na conversa, a apresentadora quis saber o que Victoria acha e sente em rela\u00e7\u00e3o \u00e0 figura da Posh Spice. Segundo a artista, s\u00f3 existe amor. \u201cEu amo a Posh Spice. Eu amo mesmo ela, de verdade. Sabe, as pessoas dizem que as Spice Girls mudaram suas vidas e que as Spice Girls as fizeram se sentir bem. Porque eu disse antes que \u00e9ramos todas desajustadas e trabalh\u00e1vamos juntas. Eu seria uma pessoa t\u00e3o diferente se n\u00e3o tivesse conhecido as Spice Girls, sabe? Elas fizeram eu me sentir bem o suficiente\u201d, confessou a empres\u00e1ria.<\/p>\n<p> Continua depois da Publicidade <\/p>\n<p>\u201cElas me transformaram de uma crian\u00e7a sombria de sete anos para uma adulta confiante e feliz. E foi preciso esse processo documental para que eu realmente refletisse e dissesse, honestamente, que, aos 51 anos, eu me sinto bem o suficiente. Levei 51 anos para perceber que, por mais que as pessoas me dissessem que eu n\u00e3o sou, eu sou boa o suficiente. E isso \u00e9 bom\u201d, concluiu Victoria. <strong>Assista:<\/strong><\/p>\n<p>                                                                     <a id=\"google-news\" class=\"google-news\" href=\"https:\/\/news.google.com\/publications\/CAAqBwgKMM6ViAswv82GAw?ceid=BR:pt-419&amp;amp;oc=3&amp;amp;hl=pt-BR&amp;amp;gl=BR\" target=\"_blank\" rel=\"nofollow noopener\"><\/p>\n<p>                                            Siga a <strong> Hugo Gloss no Google News<\/strong> e acompanhe nossos destaques<\/p>\n<p>                                    <\/a><\/p>\n","protected":false},"excerpt":{"rendered":"Ler resumo &#13; Victoria Beckham participou do podcast &#8220;Call Her Daddy&#8221;, apresentado por Alex Cooper, e falou sobre&hellip;\n","protected":false},"author":2,"featured_media":122327,"comment_status":"","ping_status":"","sticky":false,"template":"","format":"standard","meta":{"footnotes":""},"categories":[141],"tags":[28338,114,115,149,150,32,33,18728,21740],"class_list":{"0":"post-122326","1":"post","2":"type-post","3":"status-publish","4":"format-standard","5":"has-post-thumbnail","7":"category-musica","8":"tag-call-her-daddy","9":"tag-entertainment","10":"tag-entretenimento","11":"tag-music","12":"tag-musica","13":"tag-portugal","14":"tag-pt","15":"tag-spice-girls","16":"tag-victoria-beckham"},"share_on_mastodon":{"url":"https:\/\/pubeurope.com\/@pt\/115420315398029015","error":""},"_links":{"self":[{"href":"https:\/\/www.europesays.com\/pt\/wp-json\/wp\/v2\/posts\/122326","targetHints":{"allow":["GET"]}}],"collection":[{"href":"https:\/\/www.europesays.com\/pt\/wp-json\/wp\/v2\/posts"}],"about":[{"href":"https:\/\/www.europesays.com\/pt\/wp-json\/wp\/v2\/types\/post"}],"author":[{"embeddable":true,"href":"https:\/\/www.europesays.com\/pt\/wp-json\/wp\/v2\/users\/2"}],"replies":[{"embeddable":true,"href":"https:\/\/www.europesays.com\/pt\/wp-json\/wp\/v2\/comments?post=122326"}],"version-history":[{"count":0,"href":"https:\/\/www.europesays.com\/pt\/wp-json\/wp\/v2\/posts\/122326\/revisions"}],"wp:featuredmedia":[{"embeddable":true,"href":"https:\/\/www.europesays.com\/pt\/wp-json\/wp\/v2\/media\/122327"}],"wp:attachment":[{"href":"https:\/\/www.europesays.com\/pt\/wp-json\/wp\/v2\/media?parent=122326"}],"wp:term":[{"taxonomy":"category","embeddable":true,"href":"https:\/\/www.europesays.com\/pt\/wp-json\/wp\/v2\/categories?post=122326"},{"taxonomy":"post_tag","embeddable":true,"href":"https:\/\/www.europesays.com\/pt\/wp-json\/wp\/v2\/tags?post=122326"}],"curies":[{"name":"wp","href":"https:\/\/api.w.org\/{rel}","templated":true}]}}