{"id":122332,"date":"2025-10-22T23:05:11","date_gmt":"2025-10-22T23:05:11","guid":{"rendered":"https:\/\/www.europesays.com\/pt\/122332\/"},"modified":"2025-10-22T23:05:11","modified_gmt":"2025-10-22T23:05:11","slug":"zenaide-alerta-para-aumento-dos-casos-de-sifilis-no-pais-senado-noticias","status":"publish","type":"post","link":"https:\/\/www.europesays.com\/pt\/122332\/","title":{"rendered":"Zenaide alerta para aumento dos casos de s\u00edfilis no pa\u00eds \u2014 Senado Not\u00edcias"},"content":{"rendered":"<p>Em pronunciamento no Plen\u00e1rio nesta quarta-feira (22), a senadora Zenaide Maia (PSD-RN) destacou a import\u00e2ncia da preven\u00e7\u00e3o e do diagn\u00f3stico precoce da s\u00edfilis. Ela lembrou que outubro \u00e9 o m\u00eas nacional de combate \u00e0 s\u00edfilis e \u00e0 s\u00edfilis cong\u00eanita, chamando a aten\u00e7\u00e3o para o aumento no n\u00famero de casos nos \u00faltimos anos. A parlamentar citou dados do Minist\u00e9rio da Sa\u00fade que revelam a expans\u00e3o dos registros: em 2021 foram 167 mil casos de s\u00edfilis adquirida, subindo para 213 mil em 2022 e ultrapassando 242 mil em 2023.<\/p>\n<p>\u2014\u00a0 A verdade \u00e9 que a s\u00edfilis, que j\u00e1 tinha diminu\u00eddo muito no Brasil, voltou a crescer. Isso mostra uma coisa muito clara: precisamos fortalecer, como eu falo aqui sempre, a sa\u00fade b\u00e1sica ou sa\u00fade prim\u00e1ria, como a gente chama tamb\u00e9m. Isso porque \u00e9 l\u00e1, nas unidades b\u00e1sicas de sa\u00fade, que se faz a verdadeira medicina preventiva. \u00c9 l\u00e1 que se vacina, que se faz o pr\u00e9-natal, que se acompanha o hipertenso, o diab\u00e9tico, e que se orienta sobre as infec\u00e7\u00f5es sexualmente transmiss\u00edveis \u2014 afirmou.<\/p>\n<p>A senadora alertou para o risco da transmiss\u00e3o vertical da doen\u00e7a, da m\u00e3e para o beb\u00ea, que pode causar aborto, natimorto ou sequelas graves. Ela refor\u00e7ou que o enfrentamento \u00e9 tarefa de toda popula\u00e7\u00e3o.<\/p>\n<p>\u2014\u00a0 O combate \u00e0 s\u00edfilis n\u00e3o \u00e9 s\u00f3 uma tarefa dos profissionais de sa\u00fade; \u00e9 um compromisso de todos n\u00f3s, gestores p\u00fablicos, educadores, fam\u00edlias, cada cidad\u00e3o e cidad\u00e3. Afinal, o tratamento \u00e9 simples, eficaz e est\u00e1 dispon\u00edvel gratuitamente no SUS, no Sistema \u00danico de Sa\u00fade. Informa\u00e7\u00e3o, conscientiza\u00e7\u00e3o, preven\u00e7\u00e3o e tratamento oportuno, esses s\u00e3o os caminhos para reduzir os casos, evitar complica\u00e7\u00f5es e proteger vidas. A s\u00edfilis n\u00e3o tem vacina, mas tem cura \u2014 declarou.\u00a0<\/p>\n<p class=\"text-muted\">Ag\u00eancia Senado (Reprodu\u00e7\u00e3o autorizada mediante cita\u00e7\u00e3o da Ag\u00eancia Senado)<\/p>\n","protected":false},"excerpt":{"rendered":"Em pronunciamento no Plen\u00e1rio nesta quarta-feira (22), a senadora Zenaide Maia (PSD-RN) destacou a import\u00e2ncia da preven\u00e7\u00e3o e&hellip;\n","protected":false},"author":2,"featured_media":122333,"comment_status":"","ping_status":"","sticky":false,"template":"","format":"standard","meta":{"footnotes":""},"categories":[86],"tags":[116,1703,32,33,117,21424],"class_list":{"0":"post-122332","1":"post","2":"type-post","3":"status-publish","4":"format-standard","5":"has-post-thumbnail","7":"category-saude","8":"tag-health","9":"tag-ministerio-da-saude","10":"tag-portugal","11":"tag-pt","12":"tag-saude","13":"tag-sistema-unico-de-saude-sus"},"share_on_mastodon":{"url":"https:\/\/pubeurope.com\/@pt\/115420326942398826","error":""},"_links":{"self":[{"href":"https:\/\/www.europesays.com\/pt\/wp-json\/wp\/v2\/posts\/122332","targetHints":{"allow":["GET"]}}],"collection":[{"href":"https:\/\/www.europesays.com\/pt\/wp-json\/wp\/v2\/posts"}],"about":[{"href":"https:\/\/www.europesays.com\/pt\/wp-json\/wp\/v2\/types\/post"}],"author":[{"embeddable":true,"href":"https:\/\/www.europesays.com\/pt\/wp-json\/wp\/v2\/users\/2"}],"replies":[{"embeddable":true,"href":"https:\/\/www.europesays.com\/pt\/wp-json\/wp\/v2\/comments?post=122332"}],"version-history":[{"count":0,"href":"https:\/\/www.europesays.com\/pt\/wp-json\/wp\/v2\/posts\/122332\/revisions"}],"wp:featuredmedia":[{"embeddable":true,"href":"https:\/\/www.europesays.com\/pt\/wp-json\/wp\/v2\/media\/122333"}],"wp:attachment":[{"href":"https:\/\/www.europesays.com\/pt\/wp-json\/wp\/v2\/media?parent=122332"}],"wp:term":[{"taxonomy":"category","embeddable":true,"href":"https:\/\/www.europesays.com\/pt\/wp-json\/wp\/v2\/categories?post=122332"},{"taxonomy":"post_tag","embeddable":true,"href":"https:\/\/www.europesays.com\/pt\/wp-json\/wp\/v2\/tags?post=122332"}],"curies":[{"name":"wp","href":"https:\/\/api.w.org\/{rel}","templated":true}]}}