{"id":122336,"date":"2025-10-22T23:14:57","date_gmt":"2025-10-22T23:14:57","guid":{"rendered":"https:\/\/www.europesays.com\/pt\/122336\/"},"modified":"2025-10-22T23:14:57","modified_gmt":"2025-10-22T23:14:57","slug":"o-mirante-esfaqueou-a-companheira-sete-vezes-na-povoa-de-santa-iria-com-uma-chave-estrela","status":"publish","type":"post","link":"https:\/\/www.europesays.com\/pt\/122336\/","title":{"rendered":"O MIRANTE | Esfaqueou a companheira sete vezes na P\u00f3voa de Santa Iria com uma chave estrela"},"content":{"rendered":"<p> Um homem de 25 anos agrediu com sete golpes de uma chave estrela a companheira na P\u00f3voa de Santa Iria, deixou-a a esvair-se em sangue e fugiu, tendo sido apanhado pela Pol\u00edcia de Seguran\u00e7a P\u00fablica no dia seguinte. A mulher foi agredida com viol\u00eancia no tronco, m\u00e3os e pesco\u00e7o. O crime aconteceu a 18 de Outubro, refere a PSP em comunicado, que diz ter detido o agressor na sequ\u00eancia de um mandado de deten\u00e7\u00e3o emitido pelo tribunal. Depois de ter sido presente a um juiz percebeu-se que j\u00e1 tem antecedentes criminais pelo mesmo tipo de crime e por isso vai aguardar julgamento em pris\u00e3o preventiva. <\/p>\n<p> A mulher est\u00e1 internada no Hospital Vila Franca de Xira em estado grave. Apesar desta n\u00e3o ter inicialmente identificado o namorado como autor do ataque, a investiga\u00e7\u00e3o policial permitiu apurar a responsabilidade deste nos ferimentos que a mulher sofreu. Confrontado com as provas recolhidas, o suspeito acabou por confessar o crime e entregou \u00e0 pol\u00edcia a ferramenta usada na agress\u00e3o. <\/p>\n<p> Na sequ\u00eancia da deten\u00e7\u00e3o foi realizada uma busca domicili\u00e1ria, onde foram apreendidas uma pistola de ar comprimido e uma arma de alarme. <\/p>\n<p> Esta foi uma das duas deten\u00e7\u00f5es feitas pela PSP entre 18 e 20 de Outubro no concelho de Vila Franca de Xira relacionadas com o crime de viol\u00eancia dom\u00e9stica. Segundo a PSP, em Alverca do Ribatejo no dia 20 de Outubro, um outro homem, de 32 anos, foi detido fora de flagrante delito, igualmente pelo crime de viol\u00eancia dom\u00e9stica, ao abrigo de um mandado judicial. O suspeito foi presente a tribunal aguardando-se ainda a defini\u00e7\u00e3o das medidas de coa\u00e7\u00e3o a aplicar. A PSP apela a todas as v\u00edtimas ou testemunhas de crimes de viol\u00eancia dom\u00e9stica que denunciem este tipo de crime atrav\u00e9s dos canais dispon\u00edveis. <\/p>\n","protected":false},"excerpt":{"rendered":"Um homem de 25 anos agrediu com sete golpes de uma chave estrela a companheira na P\u00f3voa de&hellip;\n","protected":false},"author":2,"featured_media":122337,"comment_status":"","ping_status":"","sticky":false,"template":"","format":"standard","meta":{"footnotes":""},"categories":[8],"tags":[27,28,15,16,14,6569,6568,25,26,21,22,12,13,19,20,32,23,24,33,3551,5314,17,18,29,30,31],"class_list":{"0":"post-122336","1":"post","2":"type-post","3":"status-publish","4":"format-standard","5":"has-post-thumbnail","7":"category-principais-noticias","8":"tag-breaking-news","9":"tag-breakingnews","10":"tag-featured-news","11":"tag-featurednews","12":"tag-headlines","13":"tag-jornal-regional","14":"tag-jornalismo-de-proximidade","15":"tag-latest-news","16":"tag-latestnews","17":"tag-main-news","18":"tag-mainnews","19":"tag-news","20":"tag-noticias","21":"tag-noticias-principais","22":"tag-noticiasprincipais","23":"tag-portugal","24":"tag-principais-noticias","25":"tag-principaisnoticias","26":"tag-pt","27":"tag-regiao","28":"tag-ribatejo","29":"tag-top-stories","30":"tag-topstories","31":"tag-ultimas","32":"tag-ultimas-noticias","33":"tag-ultimasnoticias"},"share_on_mastodon":{"url":"https:\/\/pubeurope.com\/@pt\/115420366323134355","error":""},"_links":{"self":[{"href":"https:\/\/www.europesays.com\/pt\/wp-json\/wp\/v2\/posts\/122336","targetHints":{"allow":["GET"]}}],"collection":[{"href":"https:\/\/www.europesays.com\/pt\/wp-json\/wp\/v2\/posts"}],"about":[{"href":"https:\/\/www.europesays.com\/pt\/wp-json\/wp\/v2\/types\/post"}],"author":[{"embeddable":true,"href":"https:\/\/www.europesays.com\/pt\/wp-json\/wp\/v2\/users\/2"}],"replies":[{"embeddable":true,"href":"https:\/\/www.europesays.com\/pt\/wp-json\/wp\/v2\/comments?post=122336"}],"version-history":[{"count":0,"href":"https:\/\/www.europesays.com\/pt\/wp-json\/wp\/v2\/posts\/122336\/revisions"}],"wp:featuredmedia":[{"embeddable":true,"href":"https:\/\/www.europesays.com\/pt\/wp-json\/wp\/v2\/media\/122337"}],"wp:attachment":[{"href":"https:\/\/www.europesays.com\/pt\/wp-json\/wp\/v2\/media?parent=122336"}],"wp:term":[{"taxonomy":"category","embeddable":true,"href":"https:\/\/www.europesays.com\/pt\/wp-json\/wp\/v2\/categories?post=122336"},{"taxonomy":"post_tag","embeddable":true,"href":"https:\/\/www.europesays.com\/pt\/wp-json\/wp\/v2\/tags?post=122336"}],"curies":[{"name":"wp","href":"https:\/\/api.w.org\/{rel}","templated":true}]}}