{"id":122338,"date":"2025-10-22T23:16:24","date_gmt":"2025-10-22T23:16:24","guid":{"rendered":"https:\/\/www.europesays.com\/pt\/122338\/"},"modified":"2025-10-22T23:16:24","modified_gmt":"2025-10-22T23:16:24","slug":"filho-de-wesley-safadao-e-mileide-explica-detalhes-do-tumor-na-cabeca-uma-dor","status":"publish","type":"post","link":"https:\/\/www.europesays.com\/pt\/122338\/","title":{"rendered":"Filho de Wesley Safad\u00e3o e Mileide explica detalhes do tumor na cabe\u00e7a: \u2018Uma dor\u2026\u2019"},"content":{"rendered":"<p>Filho de <a href=\"https:\/\/caras.com.br\/tags\/wesley-safadao\" rel=\"nofollow noopener\" target=\"_blank\"><strong>Wesley Safad\u00e3o<\/strong><\/a> e <a href=\"https:\/\/caras.com.br\/tags\/mileide-mihaile\" rel=\"nofollow noopener\" target=\"_blank\"><strong>Mileide Mihaile<\/strong><\/a>, o adolescente <strong>Yhudy<\/strong>, de 14 anos, revelou detalhes de como foi a <a href=\"https:\/\/caras.com.br\/atualidades\/filho-de-mileide-mihaile-e-wesley-safadao-reaparece-apos-cirurgia-na-cabeca.phtml\" rel=\"nofollow noopener\" target=\"_blank\">descoberta do tumor na cabe\u00e7a<\/a>. Em entrevista no PodDelas, de <strong>Tata Estaniecki<\/strong>, o rapaz contou como era a dor no cr\u00e2nio que sentiu antes de ser diagnosticado com tumor no osso parietal do cr\u00e2nio e passar por cirurgia de emerg\u00eancia.<\/p>\n<p>O jovem disse que a dor s\u00f3 aparecia quando tocava no local do tumor e que fez exame ap\u00f3s ficar com o local dolorido ao cortar o cabelo. \u201cFoi uma dor local, durante tr\u00eas semanas seguidas. Foi uma dor que n\u00e3o era de inc\u00f4modo, sue era s\u00f3 quando tocava, encostava, que parte da cabe\u00e7a, aqui em cima. Cortando o cabelo come\u00e7ou a doer muito. E meu pai pediu para eu ir ao hospital. L\u00e1 fiz ultrassom e viram que tinha tipo um relevo. Fui direto para o hospital com minha m\u00e3e\u201c, afirmou ele.<\/p>\n<p>Ent\u00e3o, a m\u00e3e dele, Mileide, contou sobre a ang\u00fastia de ver o filho com uma doen\u00e7a grave e a decis\u00e3o de submet\u00ea-lo \u00e0 cirurgia. \u201cA gente fez v\u00e1rias baterias de exames para comprovar com mais profundidade. Ele fez um exame que \u00e9 chamado PET-SCAN, que \u00e9 para ver se tinha em algum outro local. Esse foi o maior tempo que passei em toda a minha vida; essas horas esperando o resultado desse exame. Dos males, o menor, era somente local. Optamos pelo tratamento correto, que foi fazer a cirurgia para retirar o tumor. A restaura\u00e7\u00e3o \u00e9 com o pr\u00f3prio osso da cabe\u00e7a dele, ficou tudo bem, foi um sucesso\u201c, contou.<\/p>\n<p>Por fim, ela afirmou que o herdeiro est\u00e1 curado e bem. \u201cDeus cuidou de todos os detalhes. Foi tudo muito em paz. O importante estar em alerta. N\u00e3o automedicar, principalmente as crian\u00e7as, porque voc\u00ea pode evitar um mal muito maior quando voc\u00ea sabe exatamente aquilo que est\u00e1 acontecendo. Foi um tumor \u00f3sseo\u201c, declarou.<\/p>\n<blockquote class=\"instagram-media\" style=\"background: #FFF; border: 0; border-radius: 3px; box-shadow: 0 0 1px 0 rgba(0,0,0,0.5),0 1px 10px 0 rgba(0,0,0,0.15); margin: 1px; max-width: 540px; min-width: 326px; padding: 0; width: calc(100% - 2px);\" data-instgrm-captioned=\"\" data-instgrm-permalink=\"https:\/\/www.instagram.com\/p\/DQFpngrAFjD\/?utm_source=ig_embed&amp;utm_campaign=loading\" data-instgrm-version=\"14\"><\/blockquote>\n<p>  Saiba mais sobre a cirurgia de Yhudy <\/p>\n<p>A cirurgia de Yhudy aconteceu em setembro de 2025 e comunicada para a imprensa pelos pais em um comunicado oficial. Ele foi diagnosticado com um tumor no osso parietal do cr\u00e2nio e o tratamento foi feito com uma cirurgia curativa, que foi feita para remover a les\u00e3o.<\/p>\n<p>\u201cInformamos que, na sexta-feira (19), Yhudy, filho de Mileide Mihaile e Wesley Safad\u00e3o, de 14 anos, foi submetido a uma cirurgia de emerg\u00eancia, realizada com \u00eaxito, em S\u00e3o Paulo, ap\u00f3s a descoberta repentina de um tumor. O diagn\u00f3stico ocorreu a partir de queixas de dores de cabe\u00e7a apresentadas nos \u00faltimos dias. Exames constataram um tumor \u00f3sseo no osso parietal do cr\u00e2nio, conhecido como granuloma eosin\u00f3filo (histiocitose de Langerhans). O resultado da bi\u00f3psia est\u00e1 em andamento, mas at\u00e9 o momento, os ind\u00edcios mostram que trata-se de um tumor benigno e que n\u00e3o haver\u00e1 necessidade de tratamento complementar, como a quimioterapia. Yhudy recebeu alta hospitalar na \u00faltima segunda-feira (22), e j\u00e1 se encontra em casa recebendo os cuidados necess\u00e1rios. As fam\u00edlias agradecem a preocupa\u00e7\u00e3o e o carinho que t\u00eam recebido neste momento delicado e refor\u00e7a que Yhudy est\u00e1 bem. Pedimos respeito \u00e0 privacidade para assegurar um ambiente tranquilo para sua recupera\u00e7\u00e3o. A prioridade, neste momento, \u00e9 garantir que ele receba os cuidados necess\u00e1rios e todo o apoio para retomar gradualmente sua rotina\u201c, informou o comunicado oficial.<\/p>\n<p> A descoberta da doen\u00e7a <\/p>\n<p>O pai dele, Wesley Safad\u00e3o, falou que estava com o filho quando ele sentiu as dores na cabe\u00e7a e foi o respons\u00e1vel por lev\u00e1-lo ao hospital para o exame inicial. \u201cPor volta de 8 horas da noite, eu tinha chegado em casa, tava cortando meu cabelo, Yudi tinha acabado de cortar o cabelo tamb\u00e9m. \u00c9, e ele volta e diz: \u201cPai, eu t\u00f4 com uma dor na cabe\u00e7a\u201d. O barbeiro que tava cortando meu cabelo na hora disse que ele n\u00e3o estava aguentando nem passar o pente na cabe\u00e7a. Eu disse: \u201cFilho, deixa eu ver\u201d. A\u00ed eu tentei pegar, ele se afastou assim: \u201cN\u00e3o, n\u00e3o, vai doer, vai doer\u201d. \u201cFilho, deixa eu ver\u201d\u201d, disse ele.<\/p>\n<p>\u201cA\u00ed eu consegui abrir devagarinho e tal, verificar se tinha alguma ferida, algum roxo, alguma coisa e n\u00e3o tinha nada, tinha s\u00f3 um calombo e ele tava com muita dor. n\u00e9? De imediato falei \u2018bora filho, para o hospital, vamos ver, vamos verificar o que que \u00e9 isso. T\u00e1 muito estranho\u2019. Ent\u00e3o por volta de 8:30 a 9 horas foi feito o primeiro exame, assim que saiu j\u00e1 teve que fazer um outro porque tinha dado algo, n\u00e9? No segundo exame j\u00e1 veio sair j\u00e1 por volta de 1 a 2 horas da madrugada, isso de quarta para quinta-feira\u201c.<\/p>\n<p>\u201cE de l\u00e1 ele j\u00e1 foi para o hospital para se internar na quinta-feira, continuou fazendo mais uma, um monte de exames para verificar se tinha mais alguma coisa. eh fez aquele PET scan, n\u00e9, para verificar o corpo todo e, gra\u00e7as a Deus, n\u00e3o deu nada, era s\u00f3 localizado e deu essa este\u00f3citose, n\u00e9, que \u00e9 esse tumor aqui, n\u00e9, que tava localizado na na cabe\u00e7a. E na quinta-feira j\u00e1 foi marcado para na sexta-feira fazer essa cirurgia para retirada desse tumor. Na sexta-feira foi feita a cirurgia, gra\u00e7as a Deus, foi tudo tranquilo, tudo tudo da melhor forma poss\u00edvel. Foi uma m\u00e9dia de 3 horas mais ou menos de cirurgia, 1 a 2 horas depois da cirurgia, ele j\u00e1 tava j\u00e1 eh eh consciente, j\u00e1 tava sem o efeito da anestesia, n\u00e9? Ent\u00e3o, gra\u00e7as a Deus, na sexta-feira deu tudo certo. Agradecer aqui Dr. Calil que junto com a sua equipe tocou tudo isso, o Dr. Amilton que fez essa cirurgia nele, doutora L\u00edlia, toda a equipe m\u00e9dica do do S\u00edrio ali, muito obrigado\u201c, finalizou.<\/p>\n<p>        <a href=\"https:\/\/caras.com.br\/autor\/priscilla-comoti\" rel=\"nofollow noopener\" target=\"_blank\">&#13;<br \/>\n          <img loading=\"lazy\" alt=\"Priscilla Comoti\" src=\"https:\/\/www.europesays.com\/pt\/wp-content\/uploads\/2025\/10\/1761174984_288_e53883bdf02c542f6517b68879e8cb08b27a1d55c4dfd53577e47d3ab6331a06\"  class=\"avatar avatar-115 photo rounded-circle mr-3\" height=\"115\" width=\"115\" decoding=\"async\"\/>        <\/a><\/p>\n<p>Priscilla Comoti \u00e9 editora de conte\u00fado do site CARAS. Ela \u00e9 formada em jornalismo e em audiovisual, j\u00e1 passou pelos sites Contigo!, Minha Novela, TiTiTi, Mais Novela e Portal M\u00e1rcia Piovesan. Escreve sobre celebridades, not\u00edcias sobre a fam\u00edlia real brit\u00e2nica, TV, reality show e novelas.<\/p>\n<p>\t                                            <script async src=\"\/\/www.instagram.com\/embed.js\"><\/script><\/p>\n","protected":false},"excerpt":{"rendered":"Filho de Wesley Safad\u00e3o e Mileide Mihaile, o adolescente Yhudy, de 14 anos, revelou detalhes de como foi&hellip;\n","protected":false},"author":2,"featured_media":122339,"comment_status":"","ping_status":"","sticky":false,"template":"","format":"standard","meta":{"footnotes":""},"categories":[145],"tags":[211,210,114,115,21623,32,33,3753,6787,21705],"class_list":{"0":"post-122338","1":"post","2":"type-post","3":"status-publish","4":"format-standard","5":"has-post-thumbnail","7":"category-celebridades","8":"tag-celebridades","9":"tag-celebrities","10":"tag-entertainment","11":"tag-entretenimento","12":"tag-mileide-mihaile","13":"tag-portugal","14":"tag-pt","15":"tag-tumor","16":"tag-wesley-safadao","17":"tag-yhudy"},"share_on_mastodon":{"url":"https:\/\/pubeurope.com\/@pt\/115420370430563227","error":""},"_links":{"self":[{"href":"https:\/\/www.europesays.com\/pt\/wp-json\/wp\/v2\/posts\/122338","targetHints":{"allow":["GET"]}}],"collection":[{"href":"https:\/\/www.europesays.com\/pt\/wp-json\/wp\/v2\/posts"}],"about":[{"href":"https:\/\/www.europesays.com\/pt\/wp-json\/wp\/v2\/types\/post"}],"author":[{"embeddable":true,"href":"https:\/\/www.europesays.com\/pt\/wp-json\/wp\/v2\/users\/2"}],"replies":[{"embeddable":true,"href":"https:\/\/www.europesays.com\/pt\/wp-json\/wp\/v2\/comments?post=122338"}],"version-history":[{"count":0,"href":"https:\/\/www.europesays.com\/pt\/wp-json\/wp\/v2\/posts\/122338\/revisions"}],"wp:featuredmedia":[{"embeddable":true,"href":"https:\/\/www.europesays.com\/pt\/wp-json\/wp\/v2\/media\/122339"}],"wp:attachment":[{"href":"https:\/\/www.europesays.com\/pt\/wp-json\/wp\/v2\/media?parent=122338"}],"wp:term":[{"taxonomy":"category","embeddable":true,"href":"https:\/\/www.europesays.com\/pt\/wp-json\/wp\/v2\/categories?post=122338"},{"taxonomy":"post_tag","embeddable":true,"href":"https:\/\/www.europesays.com\/pt\/wp-json\/wp\/v2\/tags?post=122338"}],"curies":[{"name":"wp","href":"https:\/\/api.w.org\/{rel}","templated":true}]}}