{"id":122350,"date":"2025-10-22T23:26:25","date_gmt":"2025-10-22T23:26:25","guid":{"rendered":"https:\/\/www.europesays.com\/pt\/122350\/"},"modified":"2025-10-22T23:26:25","modified_gmt":"2025-10-22T23:26:25","slug":"sao-uma-fraude-futuro-dos-hibridos-plug-in-em-risco","status":"publish","type":"post","link":"https:\/\/www.europesays.com\/pt\/122350\/","title":{"rendered":"S\u00e3o uma fraude? Futuro dos h\u00edbridos plug-in em risco"},"content":{"rendered":"<p>\n\tOs h\u00edbridos plug-in enfrentam tempos dif\u00edceis. Descubra porque s\u00e3o acusados de fraude, qual o impacto da nova norma Euro 6e-bis e o que muda em Portugal.\n<\/p>\n<p>\t<img fetchpriority=\"high\" width=\"925\" height=\"520\" src=\"https:\/\/www.europesays.com\/pt\/wp-content\/uploads\/2025\/10\/Foto-artigo-Podcast-Auto-Radio-ep-107-925x520.jpg.webp.webp\" class=\"post-featured-img h-auto\" alt=\"h\u00edbrido plug-in a ser carregado\" decoding=\"async\" loading=\"eager\"  \/><\/p>\n<p>\n\t\t\t\t\u00a9 Pedro Contreiras \/ Raz\u00e3o Autom\u00f3vel\n\t\t\t<\/p>\n<p>Os <a href=\"https:\/\/www.razaoautomovel.com\/etiqueta\/hibridos-plug-in\/\" rel=\"nofollow noopener\" target=\"_blank\">h\u00edbridos plug-in<\/a> est\u00e3o no centro de uma tempestade perfeita. A Uni\u00e3o Europeia est\u00e1 a apertar as regras, os n\u00fameros de emiss\u00f5es reais n\u00e3o batem certo com os n\u00fameros oficiais e come\u00e7a a ser dif\u00edcil imaginar um futuro com h\u00edbridos plug-in (ou PHEV \u2014 plug-in hybrid electric vehicle).<\/p>\n<p>O \u00faltimo \u00abataque\u00bb surgiu sob a forma de um <a href=\"https:\/\/www.transportenvironment.org\/articles\/plug-in-hybrids-pollute-almost-as-much-as-petrol-cars-eu-data\" target=\"_blank\" rel=\"noreferrer noopener nofollow\">estudo<\/a> assinado pela Transport &amp; Environment (T&amp;E), que classifica esta tecnologia como <a href=\"https:\/\/www.razaoautomovel.com\/noticias\/industria-hibridos-plug-in-suavizacoes-emissoes-uniao-europeia-possivel-rejeicao\/\" rel=\"nofollow noopener\" target=\"_blank\">\u201cuma das maiores fraudes da hist\u00f3ria da ind\u00fastria autom\u00f3vel\u201d<\/a>.<\/p>\n<p>Mas ser\u00e1 que o problema dos PHEV se esgota nos pr\u00f3prios autom\u00f3veis ou nos utilizadores que n\u00e3o os carregam? Foi sobre tudo isto que fal\u00e1mos no mais recente epis\u00f3dio do <a href=\"https:\/\/www.youtube.com\/watch?v=Q2LrDfPSaqI&amp;list=PLErYSBa8rvuCIf9J1GFe19aCpNU4xFuta\" rel=\"nofollow noopener\" target=\"_blank\">Auto R\u00e1dio<\/a>, um podcast da Raz\u00e3o Autom\u00f3vel com o apoio do <a href=\"https:\/\/www.razaoautomovel.com\/pisca-pisca\/?utm_source=website&amp;utm_medium=artigo&amp;utm_campaign=pisca2023&amp;utm_content=botaokeyword\" rel=\"nofollow noopener\" target=\"_blank\">piscapisca.pt<\/a>. Vejam o v\u00eddeo:<\/p>\n<p>O que est\u00e1 em causa?<\/p>\n<p>Quando chegaram ao mercado, os h\u00edbridos plug-in apresentavam-se como a solu\u00e7\u00e3o perfeita: autonomia el\u00e9trica suficiente para o dia a dia e um motor t\u00e9rmico capaz de eliminar toda e qualquer ansiedade nas viagens longas. Em teoria, o melhor dos dois mundos.<\/p>\n<p>Mas na pr\u00e1tica, em muitos casos, n\u00e3o foi bem assim. O problema? Muitos condutores raramente carregam as baterias e acabam por usar maioritariamente o motor de combust\u00e3o, o que resulta em consumos e emiss\u00f5es muito superiores aos valores homologados.<\/p>\n<p><a href=\"https:\/\/www.razaoautomovel.com\/noticias\/guia-de-compra-seis-carros-hibridos-plug-in-mais-baratos-do-mercado-2025\/\" class=\"module-related\" rel=\"nofollow noopener\" target=\"_blank\"><br \/>\n\tA N\u00c3O PERDER:<br \/>\n\tEstes s\u00e3o os seis h\u00edbridos plug-in mais baratos do mercado<br \/>\n<\/a><\/p>\n<p>Algo que acaba por ser acentuado pelo simples facto de os autom\u00f3veis h\u00edbridos plug-in serem significativamente mais pesados do que os seus equivalentes puramente a combust\u00e3o.<\/p>\n<p>Segundo o mais recente estudo da organiza\u00e7\u00e3o n\u00e3o governamental Transport &amp; Environment, com base em dados da European Environment Agency (EEA) de 2023, a diferen\u00e7a de emiss\u00f5es entre estes dois tipos de modelos pode ser, na verdade, bem mais pequena do que os n\u00fameros oficiais nos dizem.<\/p>\n<p>\u201cOs h\u00edbridos plug-in emitem em m\u00e9dia 135 g\/km de di\u00f3xido carbono (CO2), enquanto os carros a gasolina e Diesel emitem 166 g\/km. Uma diferen\u00e7a de apenas 19%\u201d, pode ler-se no estudo da Transport &amp; Environment.<\/p>\n<p>Euro 6e-bis pode mudar tudo<\/p>\n<p>Esta discuss\u00e3o n\u00e3o \u00e9 nova. J\u00e1 em finais de 2024 a<a href=\"https:\/\/www.razaoautomovel.com\/noticias\/industria-ce-emissoes-co2-hibridos-plug-in-mais-350-por-cento\/\" rel=\"nofollow noopener\" target=\"_blank\"> Comiss\u00e3o Europeia tinha publicado um relat\u00f3rio que chegava a conclus\u00f5es muito semelhantes<\/a> \u00e0s do estudo da Transport &amp; Environment .<\/p>\n<p>E por isso mesmo, a Uni\u00e3o Europeia vai apertar mais o cerco aos h\u00edbridos plug-in, com a entrada em vigor da norma Euro 6e-bis, que vai mudar a forma como as emiss\u00f5es destes ve\u00edculos s\u00e3o calculadas.<\/p>\n<p><img loading=\"lazy\" decoding=\"async\" width=\"2000\" height=\"1125\" src=\"data:image\/svg+xml,%3Csvg%20xmlns=\" http:=\"\" alt=\"Volvo XC60 PHEV, bocal de carregamento\" class=\"wp-image-635052\" data-lazy- data-lazy- data-lazy-src=\"https:\/\/www.europesays.com\/pt\/wp-content\/uploads\/2025\/10\/Volvo-Hibrido-Plug-In.webp.webp\"\/>As regras dos testes de emiss\u00f5es dos h\u00edbridos plug-in v\u00e3o mudar j\u00e1 em 2026.<\/p>\n<p>A dist\u00e2ncia dos testes de homologa\u00e7\u00e3o passa de 800 km para 2200 km e o fator de utiliza\u00e7\u00e3o el\u00e9trica passa a ter menos peso no c\u00e1lculo das emiss\u00f5es. De uma forma muito resumida: os novos testes v\u00e3o aproximar-se mais da forma como os h\u00edbridos plug-in s\u00e3o usados no dia a dia.<\/p>\n<p>O resultado desta altera\u00e7\u00e3o, que afetar\u00e1 todos os carros novos a partir de janeiro de 2026, ser\u00e3o valores oficiais de emiss\u00f5es de CO\u2082 bastante mais elevados, o que j\u00e1 fez soar os alarmes da ind\u00fastria autom\u00f3vel europeia.<\/p>\n<p>Para contrariar este rev\u00e9s e para garantir que os h\u00edbridos plug-in continuem a ser solu\u00e7\u00e3o para cumprir as metas de emiss\u00f5es da UE, os construtores optaram por incrementar de forma substancial (em muitos casos para o dobro) a capacidade das baterias dos seus PHEV. Uma das consequ\u00eancias \u00e9 que agora  muitos conseguem fazer mais de 100 km de autonomia em modo el\u00e9trico.<\/p>\n<p>Mas o que parece \u00e0 primeira vista ser um argumento de peso, pode tornar-se um problema: se os condutores n\u00e3o os carregarem, ter uma bateria de maior capacidade s\u00f3 ir\u00e1 traduzir-se ainda em maiores consumos e emiss\u00f5es.<\/p>\n<p>Portugal em contraciclo<\/p>\n<p>Enquanto a Europa aperta o cerco aos h\u00edbridos plug-in, Portugal continua a estender-lhes a m\u00e3o. Atualmente, os h\u00edbridos plug-in beneficiam de 75% de redu\u00e7\u00e3o no ISV se tiverem pelo menos 50 km de autonomia el\u00e9trica e emiss\u00f5es de CO\u2082 inferiores a 50 g\/km. <\/p>\n<p>Mas a partir de 2026 (j\u00e1 est\u00e1 previsto no pr\u00f3ximo Or\u00e7amento do Estado), o <a href=\"https:\/\/www.razaoautomovel.com\/noticias\/mercado-isv-hibridos-plug-in-alteracoes-2026\/\" rel=\"nofollow noopener\" target=\"_blank\">Governo vai alargar o limite de emiss\u00f5es para 80 g\/km<\/a>, permitindo que mais modelos continuem a usufruir desse benef\u00edcio fiscal.<\/p>\n<p>Na pr\u00e1tica, isto significa que, mesmo com regras europeias mais duras, os PHEV v\u00e3o continuar a ter um tratamento fiscal distinto em Portugal. Segundo a ACAP, se nada fosse feito, o agravamento fiscal no ISV poderia ultrapassar os 100 milh\u00f5es de euros anuais.<\/p>\n<p>E se olharmos para a realidade nacional, isto s\u00e3o boas not\u00edcias. \u00c9 que as vendas dos PHEV continuam de vento em popa. At\u00e9 setembro foram vendidos 24 924 h\u00edbridos plug-in em Portugal, o que representa um crescimento de 21,1% face ao mesmo per\u00edodo do ano passado.<\/p>\n<p>Contas feitas\u2026<\/p>\n<p>Que as emiss\u00f5es oficiais dos h\u00edbridos plug-in s\u00e3o inferiores \u00e0s registadas no chamado mundo real, ningu\u00e9m parece ter d\u00favidas, afinal s\u00e3o muitos os estudos e os relat\u00f3rios que o defendem. Ser\u00e1 que esta morte anunciada dos PHEV faz sentido?<\/p>\n<p>Claro que n\u00e3o. Neste caso, como em tantos outros, faz pouco sentido cair em absolutismos. Os PHEV s\u00e3o um excelente compromisso para quem n\u00e3o quer (ou n\u00e3o pode) ter um 100% el\u00e9trico. E quando usados corretamente, permitem recorrer muito poucas vezes ao motor de combust\u00e3o interna e representam uma poupan\u00e7a real no que aos custos de utiliza\u00e7\u00e3o diz respeito. Mas claro, carreg\u00e1-los \u00e9 fundamental.<\/p>\n<p><strong>Encontro marcado no Auto R\u00e1dio para a pr\u00f3xima semana<\/strong><\/p>\n<p>N\u00e3o faltam por isso motivos de interesse para ver\/ouvir o mais recente epis\u00f3dio do Auto R\u00e1dio, que est\u00e1 de volta na pr\u00f3xima semana nas plataformas habituais:\u00a0<a href=\"https:\/\/www.youtube.com\/@razaoautomovel\" rel=\"nofollow noopener\" target=\"_blank\">YouTube<\/a>,\u00a0<a href=\"https:\/\/podcasts.apple.com\/pt\/podcast\/auto-r%C3%A1dio\/id1494719475\" rel=\"nofollow noopener\" target=\"_blank\">Apple Podcasts<\/a>\u00a0e\u00a0<a href=\"https:\/\/open.spotify.com\/show\/79i6ZVxGM2eC9i2BbapAzH\" rel=\"nofollow noopener\" target=\"_blank\">Spotify<\/a>.<\/p>\n","protected":false},"excerpt":{"rendered":"Os h\u00edbridos plug-in enfrentam tempos dif\u00edceis. Descubra porque s\u00e3o acusados de fraude, qual o impacto da nova norma&hellip;\n","protected":false},"author":2,"featured_media":122351,"comment_status":"","ping_status":"","sticky":false,"template":"","format":"standard","meta":{"footnotes":""},"categories":[83],"tags":[88,89,90,429,803,804,32,33,227,430],"class_list":{"0":"post-122350","1":"post","2":"type-post","3":"status-publish","4":"format-standard","5":"has-post-thumbnail","7":"category-empresas","8":"tag-business","9":"tag-economy","10":"tag-empresas","11":"tag-hibridos-plug-in","12":"tag-podcast","13":"tag-podcast-auto-radio","14":"tag-portugal","15":"tag-pt","16":"tag-videos","17":"tag-videos-ra"},"share_on_mastodon":{"url":"https:\/\/pubeurope.com\/@pt\/115420409740297049","error":""},"_links":{"self":[{"href":"https:\/\/www.europesays.com\/pt\/wp-json\/wp\/v2\/posts\/122350","targetHints":{"allow":["GET"]}}],"collection":[{"href":"https:\/\/www.europesays.com\/pt\/wp-json\/wp\/v2\/posts"}],"about":[{"href":"https:\/\/www.europesays.com\/pt\/wp-json\/wp\/v2\/types\/post"}],"author":[{"embeddable":true,"href":"https:\/\/www.europesays.com\/pt\/wp-json\/wp\/v2\/users\/2"}],"replies":[{"embeddable":true,"href":"https:\/\/www.europesays.com\/pt\/wp-json\/wp\/v2\/comments?post=122350"}],"version-history":[{"count":0,"href":"https:\/\/www.europesays.com\/pt\/wp-json\/wp\/v2\/posts\/122350\/revisions"}],"wp:featuredmedia":[{"embeddable":true,"href":"https:\/\/www.europesays.com\/pt\/wp-json\/wp\/v2\/media\/122351"}],"wp:attachment":[{"href":"https:\/\/www.europesays.com\/pt\/wp-json\/wp\/v2\/media?parent=122350"}],"wp:term":[{"taxonomy":"category","embeddable":true,"href":"https:\/\/www.europesays.com\/pt\/wp-json\/wp\/v2\/categories?post=122350"},{"taxonomy":"post_tag","embeddable":true,"href":"https:\/\/www.europesays.com\/pt\/wp-json\/wp\/v2\/tags?post=122350"}],"curies":[{"name":"wp","href":"https:\/\/api.w.org\/{rel}","templated":true}]}}