{"id":122357,"date":"2025-10-22T23:32:46","date_gmt":"2025-10-22T23:32:46","guid":{"rendered":"https:\/\/www.europesays.com\/pt\/122357\/"},"modified":"2025-10-22T23:32:46","modified_gmt":"2025-10-22T23:32:46","slug":"casa-po-yo-mmcv-archdaily-brasil","status":"publish","type":"post","link":"https:\/\/www.europesays.com\/pt\/122357\/","title":{"rendered":"Casa Po-Yo \/ MMCV | ArchDaily Brasil"},"content":{"rendered":"<p><a class=\"js-image-size__link \" href=\"https:\/\/www.archdaily.com.br\/br\/1035221\/casa-po-yo-mmcv\/68f00d22711c1e0001f06898-po-yo-house-mmcv-photo\" rel=\"attachment nofollow noopener\" style=\"width: 100%; height: 100%;\" target=\"_blank\"><img decoding=\"async\" alt=\"Casa Po-Yo \/ MMCV - Fotografia de Exterior, Concreto\" data-nr-picture-id=\"68f00d22711c1e0001f06898\" fetchpriority=\"high\" height=\"426\" itemprop=\"image\" loading=\"eager\" longdesc=\"https:\/\/www.archdaily.com.br\/br\/1035221\/casa-po-yo-mmcv\/68f00d22711c1e0001f06898-po-yo-house-mmcv-photo\" src=\"https:\/\/www.europesays.com\/pt\/wp-content\/uploads\/2025\/10\/MMCV-CASAPOLLO-26.jpg\" style=\"min-height: var(--featured-height, auto); aspect-ratio: auto 640 \/ 426\" width=\"640\"\/><\/a>\u00a9 Juan Muller<\/p>\n<p class=\"thumbs afd-desktop-e clearfix\"><a class=\"thumbs__link\" data-nr-picture-id=\"68f00d24711c1e0001f0689f\" href=\"https:\/\/www.archdaily.com.br\/br\/1035221\/casa-po-yo-mmcv\/68f00d24711c1e0001f0689f-po-yo-house-mmcv-photo\" rel=\"attachment nofollow noopener\" target=\"_blank\"><img loading=\"lazy\" decoding=\"async\" alt=\"Casa Po-Yo \/ MMCV - Fotografia de Interiores, Madeira, Ilumina\u00e7\u00e3o, Porta\" class=\"thumbs__img b-lazy\" data-nr-picture-id=\"68f00d24711c1e0001f0689f\" data-pin-nopin=\"true\" src=\"https:\/\/www.europesays.com\/pt\/wp-content\/uploads\/2025\/10\/MMCV-CASAPOLLO-5.jpg\" height=\"125\" longdesc=\"https:\/\/www.archdaily.com.br\/br\/1035221\/casa-po-yo-mmcv\/68f00d24711c1e0001f0689f-po-yo-house-mmcv-photo\" title=\"\u00a9 Juan Muller\" width=\"125\"\/><\/a><a class=\"thumbs__link\" data-nr-picture-id=\"68f00d25711c1e0001f068a2\" href=\"https:\/\/www.archdaily.com.br\/br\/1035221\/casa-po-yo-mmcv\/68f00d25711c1e0001f068a2-po-yo-house-mmcv-photo\" rel=\"attachment nofollow noopener\" target=\"_blank\"><img loading=\"lazy\" decoding=\"async\" alt=\"Casa Po-Yo \/ MMCV - Fotografia de Interiores, Concreto\" class=\"thumbs__img b-lazy\" data-nr-picture-id=\"68f00d25711c1e0001f068a2\" data-pin-nopin=\"true\" src=\"https:\/\/www.europesays.com\/pt\/wp-content\/uploads\/2025\/10\/MMCV-CASAPOLLO-19.jpg\" height=\"125\" longdesc=\"https:\/\/www.archdaily.com.br\/br\/1035221\/casa-po-yo-mmcv\/68f00d25711c1e0001f068a2-po-yo-house-mmcv-photo\" title=\"\u00a9 Juan Muller\" width=\"125\"\/><\/a><a class=\"thumbs__link\" data-nr-picture-id=\"68f00d25711c1e0001f068a3\" href=\"https:\/\/www.archdaily.com.br\/br\/1035221\/casa-po-yo-mmcv\/68f00d25711c1e0001f068a3-po-yo-house-mmcv-photo\" rel=\"attachment nofollow noopener\" target=\"_blank\"><img loading=\"lazy\" decoding=\"async\" alt=\"Casa Po-Yo \/ MMCV - Imagem 4 de 25\" class=\"thumbs__img b-lazy\" data-nr-picture-id=\"68f00d25711c1e0001f068a3\" data-pin-nopin=\"true\" src=\"https:\/\/www.europesays.com\/pt\/wp-content\/uploads\/2025\/10\/MMCV-CASAPOLLO-20.jpg\" height=\"125\" longdesc=\"https:\/\/www.archdaily.com.br\/br\/1035221\/casa-po-yo-mmcv\/68f00d25711c1e0001f068a3-po-yo-house-mmcv-photo\" title=\"\u00a9 Juan Muller\" width=\"125\"\/><\/a><a class=\"thumbs__link\" data-nr-picture-id=\"68f00d24711c1e0001f0689e\" href=\"https:\/\/www.archdaily.com.br\/br\/1035221\/casa-po-yo-mmcv\/68f00d24711c1e0001f0689e-po-yo-house-mmcv-photo\" rel=\"attachment nofollow noopener\" target=\"_blank\"><img loading=\"lazy\" decoding=\"async\" alt=\"Casa Po-Yo \/ MMCV - Imagem 5 de 25\" class=\"thumbs__img b-lazy\" data-nr-picture-id=\"68f00d24711c1e0001f0689e\" data-pin-nopin=\"true\" src=\"https:\/\/www.europesays.com\/pt\/wp-content\/uploads\/2025\/10\/MMCV-CASAPOLLO-12.jpg\" height=\"125\" longdesc=\"https:\/\/www.archdaily.com.br\/br\/1035221\/casa-po-yo-mmcv\/68f00d24711c1e0001f0689e-po-yo-house-mmcv-photo\" title=\"\u00a9 Juan Muller\" width=\"125\"\/><\/a><a class=\"gallery-link afd-desktop-e\" href=\"https:\/\/www.archdaily.com.br\/br\/1035221\/casa-po-yo-mmcv\/68f00d22711c1e0001f06898-po-yo-house-mmcv-photo\" rel=\"nofollow noopener\" target=\"_blank\"><img decoding=\"async\" alt=\"Casa Po-Yo \/ MMCV - Mais Imagens\" class=\"thumbs__img b-lazy\" src=\"https:\/\/www.europesays.com\/pt\/wp-content\/uploads\/2025\/10\/MMCV-CASAPOLLO-26.jpg\" itemprop=\"image\" bad-src=\"data:image\/gif;base64,R0lGODlhAQABAIAAAAUEBAAAACwAAAAAAQABAAACAkQBADs=\"\/>+ 20<\/a><\/p>\n<p>    Compartilhar<\/p>\n<p>Compartilhar<\/p>\n<ul class=\"afd-share__networks clearfix\">\n<li class=\"afd-share__social\"><a aria-label=\"Facebook\" class=\"afd-share__button\" data-insights-category=\"share\" data-insights-label=\"facebook_sharing_options\" data-insights-value=\"1035221\" data-social=\"facebook\" href=\"https:\/\/www.facebook.com\/sharer\/sharer.php?u=https:\/\/www.archdaily.com.br\/br\/1035221\/casa-po-yo-mmcv\" rel=\"nofollow noopener\" target=\"_blank\"><\/a>\n<p>Facebook<\/p>\n<\/li>\n<li class=\"afd-share__social\"><a aria-label=\"Twitter\" class=\"afd-share__button\" data-insights-category=\"share\" data-insights-label=\"twitter_sharing_options\" data-insights-value=\"1035221\" data-social=\"twitter\" href=\"https:\/\/twitter.com\/intent\/tweet?text=Casa%20Po-Yo%20%2F%20MMCV&amp;url=https:\/\/www.archdaily.com.br\/br\/1035221\/casa-po-yo-mmcv&amp;via=archdailybr\" rel=\"nofollow noopener\" target=\"_blank\"><\/a>\n<p>Twitter<\/p>\n<\/li>\n<li class=\"afd-share__social\"><a class=\"afd-share__button\" data-insights-category=\"share\" data-insights-label=\"email_sharing_options\" data-insights-value=\"1035221\" data-social=\"email\" href=\"mailto:?subject=Casa Po-Yo \/ MMCV&amp;body=https:\/\/www.archdaily.com.br\/br\/1035221\/casa-po-yo-mmcv\"><\/a>\n<p>Mail<\/p>\n<\/li>\n<li class=\"afd-share__social\"><a aria-label=\"Pinterest\" class=\"afd-share__button\" data-insights-category=\"share\" data-insights-label=\"pinterest_sharing_options\" data-insights-value=\"1035221\" data-social=\"pinterest\" href=\"https:\/\/pinterest.com\/pin\/create\/button\/?url=https%3A%2F%2Fwww.archdaily.com.br%2Fbr%2F1035221%2Fcasa-po-yo-mmcv&amp;media=https%3A%2F%2Fimages.adsttc.com%2Fmedia%2Fimages%2F68f0%2F0d22%2F711c%2F1e00%2F01f0%2F6898%2Flarge_jpg%2FMMCV-CASAPOLLO-26.jpg%3F1760562483&amp;description=Casa%20Po-Yo%20%2F%20MMCV\" rel=\"nofollow noopener\" target=\"_blank\"><\/a>\n<p>Pinterest<\/p>\n<\/li>\n<li class=\"afd-share__social\"><a aria-label=\"Whatsapp\" class=\"afd-share__button\" data-action=\"share\/whatsapp\/share\" data-insights-category=\"share\" data-insights-label=\"whatsapp_sharing_options\" data-insights-value=\"1035221\" data-social=\"whatsapp\" href=\"whatsapp:\/\/send?text=Casa+Po-Yo+%2F+MMCV+%7C+https%3A%2F%2Fwww.archdaily.com.br%2Fbr%2F1035221%2Fcasa-po-yo-mmcv%3Futm_source%3DWhatsapp%26utm_medium%3DIM%26utm_campaign%3Dshare-button\" rel=\"nofollow\"><\/a>\n<p>Whatsapp<\/p>\n<\/li>\n<\/ul>\n<p>Ou<\/p>\n<p>https:\/\/www.archdaily.com.br\/br\/1035221\/casa-po-yo-mmcv<\/p>\n<ul class=\"afd-char-list afd-specs__item-container js-char-list\" wp_automatic_readability=\"2.3414985590778\">\n<li class=\"afd-specs__item\">\n<\/li>\n<li class=\"afd-specs__item\">\n  \u00c1rea<br \/>\n  \u00c1rea deste projeto de arquitetura<\/p>\n<p>\u00c1rea:\u00a0<br \/>\n        <a href=\"https:\/\/www.archdaily.com.br\/search\/br\/projects\/min_area\/200\/max_area\/300?ad_name=project-specs&amp;ad_medium=single\" rel=\"nofollow noopener\" target=\"_blank\">250<\/a> m\u00b2<\/li>\n<li class=\"afd-specs__item\">\n<p>  Ano<br \/>\n  Ano de conclus\u00e3o deste projeto de arquitetura<\/p>\n<p>            Ano:\u00a0<\/p>\n<p>                    <a href=\"https:\/\/www.archdaily.com.br\/search\/br\/projects\/year\/2023?ad_name=project-specs&amp;ad_medium=single\" rel=\"nofollow noopener\" target=\"_blank\"><br \/>\n          2023<br \/>\n        <\/a><\/p>\n<\/li>\n<li class=\"afd-specs__item\">\n<p>  Fot\u00f3grafo<\/p>\n<\/li>\n<li class=\"afd-specs__item\" wp_automatic_readability=\"8\">\n<p>  Fabricantes<br \/>\n  Marcas com produtos usados neste projeto de arquitetura<\/p>\n<p>Fabricantes: \u00a0Crotti , DE OTRO TIEMPO, Dekton, Herrajes Hilton, Huup, MF HERRER\u00cdA , Robinet, SBG, Tondat<\/p>\n<\/li>\n<\/ul>\n<p><a class=\"js-image-size__link lazy-anchor\" href=\"https:\/\/www.archdaily.com.br\/br\/1035221\/casa-po-yo-mmcv\/68f00d25711c1e0001f068a2-po-yo-house-mmcv-photo\" rel=\"nofollow noopener\" target=\"_blank\"><img decoding=\"async\" alt=\"Casa Po-Yo \/ MMCV - Fotografia de Interiores, Concreto\" data-nr-picture-id=\"68f00d25711c1e0001f068a2\" height=\"427\" itemprop=\"image\" loading=\"lazy\" longdesc=\"https:\/\/www.archdaily.com.br\/br\/1035221\/casa-po-yo-mmcv\/68f00d25711c1e0001f068a2-po-yo-house-mmcv-photo\" src=\"https:\/\/www.europesays.com\/pt\/wp-content\/uploads\/2025\/10\/1761175962_888_MMCV-CASAPOLLO-19.jpg\" width=\"640\"\/>\u00a9 Juan Muller<\/a><\/p>\n<p>Descri\u00e7\u00e3o enviada pela equipe de projeto. Localizada no bairro de Villa Devoto, em <a href=\"https:\/\/www.archdaily.com.br\/br\/tag\/buenos-aires\" rel=\"nofollow noopener\" target=\"_blank\">Buenos Aires<\/a>, a Casa Po-Yo surge a partir da transforma\u00e7\u00e3o integral de uma resid\u00eancia pr\u00e9-existente. O projeto prop\u00f5e uma releitura contempor\u00e2nea de sua estrutura original, valorizando suas qualidades espaciais e conferindo-lhe uma nova identidade, mais coerente com as formas de habitar atuais.<\/p>\n<p><a class=\"js-image-size__link lazy-anchor\" href=\"https:\/\/www.archdaily.com.br\/br\/1035221\/casa-po-yo-mmcv\/68f00d25711c1e0001f068a1-po-yo-house-mmcv-photo\" rel=\"nofollow noopener\" target=\"_blank\"><img decoding=\"async\" alt=\"Casa Po-Yo \/ MMCV - Fotografia de Exterior, Concreto\" data-nr-picture-id=\"68f00d25711c1e0001f068a1\" height=\"427\" itemprop=\"image\" loading=\"lazy\" longdesc=\"https:\/\/www.archdaily.com.br\/br\/1035221\/casa-po-yo-mmcv\/68f00d25711c1e0001f068a1-po-yo-house-mmcv-photo\" src=\"https:\/\/www.europesays.com\/pt\/wp-content\/uploads\/2025\/10\/MMCV-CASAPOLLO-28.jpg\" width=\"640\"\/>\u00a9 Juan Muller<\/a><\/p>\n<p data-start=\"194\" data-end=\"708\">O ponto de partida do projeto foi a integra\u00e7\u00e3o entre os espa\u00e7os internos e externos, ampliando a altura, a entrada de luz natural e a continuidade visual. A interven\u00e7\u00e3o removeu as compartimenta\u00e7\u00f5es originais, destacando a estrutura de concreto, agora deixada exposta como elemento essencial do car\u00e1ter e da mem\u00f3ria da casa. A nova envolt\u00f3ria se apresenta como uma caixa de concreto aparente que confere \u00e0 resid\u00eancia uma identidade marcante, evocando a sensa\u00e7\u00e3o de uma pe\u00e7a monol\u00edtica \u2014 s\u00f3lida, precisa e atemporal.<\/p>\n<p><a class=\"js-image-size__link lazy-anchor\" href=\"https:\/\/www.archdaily.com.br\/br\/1035221\/casa-po-yo-mmcv\/68f00d21711c1e0001f06895-po-yo-house-mmcv-photo\" rel=\"nofollow noopener\" target=\"_blank\"><img decoding=\"async\" alt=\"Casa Po-Yo \/ MMCV - Fotografia de Interiores, Madeira, Cadeira\" data-nr-picture-id=\"68f00d21711c1e0001f06895\" height=\"427\" itemprop=\"image\" loading=\"lazy\" longdesc=\"https:\/\/www.archdaily.com.br\/br\/1035221\/casa-po-yo-mmcv\/68f00d21711c1e0001f06895-po-yo-house-mmcv-photo\" src=\"https:\/\/www.europesays.com\/pt\/wp-content\/uploads\/2025\/10\/MMCV-CASAPOLLO-32.jpg\" width=\"640\"\/>\u00a9 Juan Muller<\/a><\/p>\n<p data-start=\"216\" data-end=\"549\">Atravessando o port\u00e3o de 3,5 metros de altura, constru\u00eddo em chapa met\u00e1lica dobrada, chega-se a um pequeno p\u00e1tio que atua como limiar e extens\u00e3o do espa\u00e7o urbano. A entrada, composta por uma sequ\u00eancia de cubos de concreto, desenha um percurso gradual que distancia a casa da rua e antecipa, de forma sutil, a experi\u00eancia do interior.<\/p>\n<p><a class=\"js-image-size__link lazy-anchor\" href=\"https:\/\/www.archdaily.com.br\/br\/1035221\/casa-po-yo-mmcv\/68f00d26711c1e0001f068a8-po-yo-house-mmcv-ground-floor-plan\" rel=\"nofollow noopener\" target=\"_blank\"><img decoding=\"async\" alt=\"Casa Po-Yo \/ MMCV - Imagem 19 de 25\" data-nr-picture-id=\"68f00d26711c1e0001f068a8\" height=\"427\" itemprop=\"image\" loading=\"lazy\" longdesc=\"https:\/\/www.archdaily.com.br\/br\/1035221\/casa-po-yo-mmcv\/68f00d26711c1e0001f068a8-po-yo-house-mmcv-ground-floor-plan\" src=\"https:\/\/www.europesays.com\/pt\/wp-content\/uploads\/2025\/10\/JVGP_Plantas_ju_page-0003.jpg\" width=\"640\"\/>Planta &#8211; N\u00edvel 1<\/a><a class=\"js-image-size__link lazy-anchor\" href=\"https:\/\/www.archdaily.com.br\/br\/1035221\/casa-po-yo-mmcv\/68f00d26711c1e0001f068ab-po-yo-house-mmcv-section\" rel=\"nofollow noopener\" target=\"_blank\"><img decoding=\"async\" alt=\"Casa Po-Yo \/ MMCV - Imagem 22 de 25\" data-nr-picture-id=\"68f00d26711c1e0001f068ab\" height=\"427\" itemprop=\"image\" loading=\"lazy\" longdesc=\"https:\/\/www.archdaily.com.br\/br\/1035221\/casa-po-yo-mmcv\/68f00d26711c1e0001f068ab-po-yo-house-mmcv-section\" src=\"https:\/\/www.europesays.com\/pt\/wp-content\/uploads\/2025\/10\/JVGP_Plantas_ju_page-0006.jpg\" width=\"640\"\/>Corte<\/a><a class=\"js-image-size__link lazy-anchor\" href=\"https:\/\/www.archdaily.com.br\/br\/1035221\/casa-po-yo-mmcv\/68f00d26711c1e0001f068a9-po-yo-house-mmcv-1st-floor-plan\" rel=\"nofollow noopener\" target=\"_blank\"><img decoding=\"async\" alt=\"Casa Po-Yo \/ MMCV - Imagem 20 de 25\" data-nr-picture-id=\"68f00d26711c1e0001f068a9\" height=\"427\" itemprop=\"image\" loading=\"lazy\" longdesc=\"https:\/\/www.archdaily.com.br\/br\/1035221\/casa-po-yo-mmcv\/68f00d26711c1e0001f068a9-po-yo-house-mmcv-1st-floor-plan\" src=\"https:\/\/www.europesays.com\/pt\/wp-content\/uploads\/2025\/10\/JVGP_Plantas_ju_page-0004.jpg\" width=\"640\"\/>Planta &#8211; N\u00edvel 2<\/a><\/p>\n<p data-start=\"188\" data-end=\"656\">Uma vez no interior, a sala principal se apresenta como o primeiro ambiente de uma sequ\u00eancia articulada pelos desn\u00edveis originais da resid\u00eancia. Alguns degraus abaixo encontram-se a cozinha e a sala de jantar, em conex\u00e3o direta com o jardim e a piscina. A partir da sala, uma escada conduz ao pavimento superior, onde se localizam a su\u00edte principal e dois quartos adicionais, enquanto outra escada, independente, desce ao subsolo, onde est\u00e1 a sala de jogos e a lavanderia.<\/p>\n<p><a class=\"js-image-size__link lazy-anchor\" href=\"https:\/\/www.archdaily.com.br\/br\/1035221\/casa-po-yo-mmcv\/68f00d23711c1e0001f0689c-po-yo-house-mmcv-photo\" rel=\"nofollow noopener\" target=\"_blank\"><img decoding=\"async\" alt=\"Casa Po-Yo \/ MMCV - Fotografia de Interiores, Madeira, Porta\" data-nr-picture-id=\"68f00d23711c1e0001f0689c\" height=\"427\" itemprop=\"image\" loading=\"lazy\" longdesc=\"https:\/\/www.archdaily.com.br\/br\/1035221\/casa-po-yo-mmcv\/68f00d23711c1e0001f0689c-po-yo-house-mmcv-photo\" src=\"https:\/\/www.europesays.com\/pt\/wp-content\/uploads\/2025\/10\/MMCV-CASAPOLLO-10.jpg\" width=\"640\"\/>\u00a9 Juan Muller<\/a><\/p>\n<p data-start=\"234\" data-end=\"693\">As diferen\u00e7as de n\u00edveis, longe de fragmentar o percurso, intensificam as vistas cruzadas e fortalecem a conex\u00e3o entre os distintos \u00e2mbitos, conferindo dinamismo e profundidade espacial. A escada principal assume um car\u00e1ter escult\u00f3rico: seu percurso atravessa o teto inclinado e tra\u00e7a um jogo de diagonais que enfatiza a identidade geom\u00e9trica preexistente. As caixas met\u00e1licas que emolduram as aberturas produzem sombra e estabelecem um novo ritmo na fachada.<\/p>\n<p><a class=\"js-image-size__link lazy-anchor\" href=\"https:\/\/www.archdaily.com.br\/br\/1035221\/casa-po-yo-mmcv\/68f00d25711c1e0001f068a5-po-yo-house-mmcv-photo\" rel=\"nofollow noopener\" target=\"_blank\"><img decoding=\"async\" alt=\"Casa Po-Yo \/ MMCV - Fotografia de Interiores, Madeira\" data-nr-picture-id=\"68f00d25711c1e0001f068a5\" height=\"427\" itemprop=\"image\" loading=\"lazy\" longdesc=\"https:\/\/www.archdaily.com.br\/br\/1035221\/casa-po-yo-mmcv\/68f00d25711c1e0001f068a5-po-yo-house-mmcv-photo\" src=\"https:\/\/www.europesays.com\/pt\/wp-content\/uploads\/2025\/10\/MMCV-CASAPOLLO-6.jpg\" width=\"640\"\/>\u00a9 Juan Muller<\/a><a class=\"js-image-size__link lazy-anchor\" href=\"https:\/\/www.archdaily.com.br\/br\/1035221\/casa-po-yo-mmcv\/68f00d24711c1e0001f0689e-po-yo-house-mmcv-photo\" rel=\"nofollow noopener\" target=\"_blank\"><img decoding=\"async\" alt=\"Casa Po-Yo \/ MMCV - Imagem 5 de 25\" data-nr-picture-id=\"68f00d24711c1e0001f0689e\" height=\"427\" itemprop=\"image\" loading=\"lazy\" longdesc=\"https:\/\/www.archdaily.com.br\/br\/1035221\/casa-po-yo-mmcv\/68f00d24711c1e0001f0689e-po-yo-house-mmcv-photo\" src=\"https:\/\/www.europesays.com\/pt\/wp-content\/uploads\/2025\/10\/1761175966_208_MMCV-CASAPOLLO-12.jpg\" width=\"640\"\/>\u00a9 Juan Muller<\/a><\/p>\n<p data-start=\"256\" data-end=\"601\">No interior, os pisos de aspecto p\u00e9treo, a marcenaria e o mobili\u00e1rio em madeira comp\u00f5em uma atmosfera serena e atemporal. Mais do que uma simples reforma, a Casa Po-Yo representa a reinterpreta\u00e7\u00e3o de uma estrutura existente \u2014 uma interven\u00e7\u00e3o que combina o respeito pelo preexistente com um olhar contempor\u00e2neo sobre a habita\u00e7\u00e3o urbana.<\/p>\n<p><a class=\"js-image-size__link lazy-anchor\" href=\"https:\/\/www.archdaily.com.br\/br\/1035221\/casa-po-yo-mmcv\/68f00d22711c1e0001f06899-po-yo-house-mmcv-photo\" rel=\"nofollow noopener\" target=\"_blank\"><img decoding=\"async\" alt=\"Casa Po-Yo \/ MMCV - Fotografia de Exterior, Concreto, Balc\u00e3o\" data-nr-picture-id=\"68f00d22711c1e0001f06899\" height=\"427\" itemprop=\"image\" loading=\"lazy\" longdesc=\"https:\/\/www.archdaily.com.br\/br\/1035221\/casa-po-yo-mmcv\/68f00d22711c1e0001f06899-po-yo-house-mmcv-photo\" src=\"https:\/\/www.europesays.com\/pt\/wp-content\/uploads\/2025\/10\/MMCV-CASAPOLLO-30.jpg\" width=\"640\"\/>\u00a9 Juan Muller<\/a><script async src=\"https:\/\/platform.twitter.com\/widgets.js\" charset=\"utf-8\"><\/script><\/p>\n","protected":false},"excerpt":{"rendered":"\u00a9 Juan Muller + 20 Compartilhar Compartilhar Facebook Twitter Mail Pinterest Whatsapp Ou https:\/\/www.archdaily.com.br\/br\/1035221\/casa-po-yo-mmcv \u00c1rea \u00c1rea deste projeto&hellip;\n","protected":false},"author":2,"featured_media":122358,"comment_status":"","ping_status":"","sticky":false,"template":"","format":"standard","meta":{"footnotes":""},"categories":[144],"tags":[304,361,207,205,206,203,201,202,7401,362,204,114,115,32,33],"class_list":{"0":"post-122357","1":"post","2":"type-post","3":"status-publish","4":"format-standard","5":"has-post-thumbnail","7":"category-arte-e-design","8":"tag-arquitetura","9":"tag-arquitetura-residencial","10":"tag-arte","11":"tag-arte-e-design","12":"tag-artedesign","13":"tag-arts","14":"tag-arts-and-design","15":"tag-artsanddesign","16":"tag-buenos-aires","17":"tag-casas","18":"tag-design","19":"tag-entertainment","20":"tag-entretenimento","21":"tag-portugal","22":"tag-pt"},"share_on_mastodon":{"url":"https:\/\/pubeurope.com\/@pt\/115420433498076127","error":""},"_links":{"self":[{"href":"https:\/\/www.europesays.com\/pt\/wp-json\/wp\/v2\/posts\/122357","targetHints":{"allow":["GET"]}}],"collection":[{"href":"https:\/\/www.europesays.com\/pt\/wp-json\/wp\/v2\/posts"}],"about":[{"href":"https:\/\/www.europesays.com\/pt\/wp-json\/wp\/v2\/types\/post"}],"author":[{"embeddable":true,"href":"https:\/\/www.europesays.com\/pt\/wp-json\/wp\/v2\/users\/2"}],"replies":[{"embeddable":true,"href":"https:\/\/www.europesays.com\/pt\/wp-json\/wp\/v2\/comments?post=122357"}],"version-history":[{"count":0,"href":"https:\/\/www.europesays.com\/pt\/wp-json\/wp\/v2\/posts\/122357\/revisions"}],"wp:featuredmedia":[{"embeddable":true,"href":"https:\/\/www.europesays.com\/pt\/wp-json\/wp\/v2\/media\/122358"}],"wp:attachment":[{"href":"https:\/\/www.europesays.com\/pt\/wp-json\/wp\/v2\/media?parent=122357"}],"wp:term":[{"taxonomy":"category","embeddable":true,"href":"https:\/\/www.europesays.com\/pt\/wp-json\/wp\/v2\/categories?post=122357"},{"taxonomy":"post_tag","embeddable":true,"href":"https:\/\/www.europesays.com\/pt\/wp-json\/wp\/v2\/tags?post=122357"}],"curies":[{"name":"wp","href":"https:\/\/api.w.org\/{rel}","templated":true}]}}