{"id":122359,"date":"2025-10-22T23:35:23","date_gmt":"2025-10-22T23:35:23","guid":{"rendered":"https:\/\/www.europesays.com\/pt\/122359\/"},"modified":"2025-10-22T23:35:23","modified_gmt":"2025-10-22T23:35:23","slug":"o-momento-mais-esperado-vera-reage-aos-seus-videos-mais-virais-no-secret-story-secret-story","status":"publish","type":"post","link":"https:\/\/www.europesays.com\/pt\/122359\/","title":{"rendered":"O momento mais esperado: Vera reage aos seus v\u00eddeos mais virais no Secret Story &#8211; Secret Story"},"content":{"rendered":"<p><strong>Vera foi expulsa do Secret Story &#8211; Casa dos Segredos 9 depois de agredir Dylan<\/strong> e nesta ter\u00e7a-feira, 21 de outubro, esteve no <strong>Dois \u00e0s 10 <\/strong>a <a href=\"https:\/\/tvi.iol.pt\/secretstory\/catarina-miranda\/afonso-leitao\/de-ferias-e-apaixonada-catarina-miranda-vive-o-sonho-mas-nao-perde-oportunidade-de-lancar-farpas-a-ex-concorrentes\" rel=\"nofollow noopener\" target=\"_blank\">comentar a sua participa\u00e7\u00e3o no reality show da TVI<\/a>.<strong> A concorrente ficou conhecida pelos seus memes ic\u00f3nicos e teve a oportunidade de reagir aos mesmos.<\/strong><\/p>\n<p>O<a href=\"https:\/\/tvi.iol.pt\/secretstory\/catarina-miranda\/afonso-leitao\/catarina-miranda-e-afonso-leitao-dao-passo-importante-na-relacao-a-novidade-que-esta-a-encantar-os-fas\" rel=\"nofollow noopener\" target=\"_blank\"> momento foi partilhado no Instagram da TVI<\/a> e deixou os f\u00e3s ao rubro.<strong> Vera <\/strong>viu v\u00e1rios v\u00eddeos seus que se tornaram virais na Internet, e que foram at\u00e9 interpretados por rostos bem conhecidos, como <strong>Matilde Breyner, B\u00e1rbara Parada e Manuel Marques.<\/strong><\/p>\n<p><a href=\"https:\/\/tvi.iol.pt\/secretstory\/vera\/marco\/o-que-une-vera-do-secret-story-a-marco-do-1-primeiro-big-brother-ha-coincidencias-inexplicaveis\" rel=\"nofollow noopener\" target=\"_blank\">Entre v\u00e1rias gargalhadas e caras de espanto<\/a>, Vera afirmou:<strong> \u00abIsto est\u00e1 demais, imagino o quanto se estavam a rir de mim\u00bb.<\/strong><\/p>\n<p><strong>\u00abSe eu achava que o Leandro estava a fazer rir as pessoas c\u00e1 fora, tenho a dizer que afinal quem estava era eu\u00bb,<\/strong> acrescentou.<\/p>\n<p><strong>Veja aqui o momento em quest\u00e3o:<\/strong><\/p>\n","protected":false},"excerpt":{"rendered":"Vera foi expulsa do Secret Story &#8211; Casa dos Segredos 9 depois de agredir Dylan e nesta ter\u00e7a-feira,&hellip;\n","protected":false},"author":2,"featured_media":122360,"comment_status":"","ping_status":"","sticky":false,"template":"","format":"standard","meta":{"footnotes":""},"categories":[142],"tags":[114,115,18533,18800,32,33,151,162,11841,18801,10732],"class_list":{"0":"post-122359","1":"post","2":"type-post","3":"status-publish","4":"format-standard","5":"has-post-thumbnail","7":"category-tv","8":"tag-entertainment","9":"tag-entretenimento","10":"tag-memes","11":"tag-momentos-virais-secret-story","12":"tag-portugal","13":"tag-pt","14":"tag-tv","15":"tag-tvi","16":"tag-vera","17":"tag-videos-virais-concorrentes","18":"tag-viral"},"share_on_mastodon":{"url":"https:\/\/pubeurope.com\/@pt\/115420444937954790","error":""},"_links":{"self":[{"href":"https:\/\/www.europesays.com\/pt\/wp-json\/wp\/v2\/posts\/122359","targetHints":{"allow":["GET"]}}],"collection":[{"href":"https:\/\/www.europesays.com\/pt\/wp-json\/wp\/v2\/posts"}],"about":[{"href":"https:\/\/www.europesays.com\/pt\/wp-json\/wp\/v2\/types\/post"}],"author":[{"embeddable":true,"href":"https:\/\/www.europesays.com\/pt\/wp-json\/wp\/v2\/users\/2"}],"replies":[{"embeddable":true,"href":"https:\/\/www.europesays.com\/pt\/wp-json\/wp\/v2\/comments?post=122359"}],"version-history":[{"count":0,"href":"https:\/\/www.europesays.com\/pt\/wp-json\/wp\/v2\/posts\/122359\/revisions"}],"wp:featuredmedia":[{"embeddable":true,"href":"https:\/\/www.europesays.com\/pt\/wp-json\/wp\/v2\/media\/122360"}],"wp:attachment":[{"href":"https:\/\/www.europesays.com\/pt\/wp-json\/wp\/v2\/media?parent=122359"}],"wp:term":[{"taxonomy":"category","embeddable":true,"href":"https:\/\/www.europesays.com\/pt\/wp-json\/wp\/v2\/categories?post=122359"},{"taxonomy":"post_tag","embeddable":true,"href":"https:\/\/www.europesays.com\/pt\/wp-json\/wp\/v2\/tags?post=122359"}],"curies":[{"name":"wp","href":"https:\/\/api.w.org\/{rel}","templated":true}]}}