{"id":122366,"date":"2025-10-22T23:44:32","date_gmt":"2025-10-22T23:44:32","guid":{"rendered":"https:\/\/www.europesays.com\/pt\/122366\/"},"modified":"2025-10-22T23:44:32","modified_gmt":"2025-10-22T23:44:32","slug":"tesla-model-s-e-model-x-foram-atualizados-todos-os-precos","status":"publish","type":"post","link":"https:\/\/www.europesays.com\/pt\/122366\/","title":{"rendered":"Tesla Model S e Model X foram atualizados. Todos os pre\u00e7os"},"content":{"rendered":"<p>\n\tDepois da nova gera\u00e7\u00e3o do Model Y e do lan\u00e7amento da sua vers\u00e3o low cost, a Tesla revelou novidades para o Model S e para o Model X.\n<\/p>\n<p>Depois de um ano particularmente desafiante para a <a href=\"https:\/\/www.razaoautomovel.com\/etiqueta\/tesla\" rel=\"nofollow noopener\" target=\"_blank\">Tesla<\/a> \u2014 que s\u00f3 agora come\u00e7a a dar sinais de recupera\u00e7\u00e3o \u2014, a marca norte-americana est\u00e1 a refor\u00e7ar a sua ofensiva com atualiza\u00e7\u00f5es nos seus modelos. Ap\u00f3s o lan\u00e7amento do significativamente renovado Model Y e da estreia da sua vers\u00e3o mais acess\u00edvel, chegam agora as vers\u00f5es atualizadas do <a href=\"https:\/\/www.razaoautomovel.com\/etiqueta\/tesla-model-s\" rel=\"nofollow noopener\" target=\"_blank\">Model S<\/a> e do <a href=\"https:\/\/www.razaoautomovel.com\/etiqueta\/tesla-model-x\" rel=\"nofollow noopener\" target=\"_blank\">Model X<\/a>.<\/p>\n<p>Ambos j\u00e1 est\u00e3o dispon\u00edveis para encomenda no mercado nacional. Em termos de pre\u00e7os, os valores come\u00e7am nos <strong><a href=\"https:\/\/www.credibom.pt\/credito\/automovel\" target=\"_blank\" rel=\"noreferrer noopener nofollow\">109 990 euros<\/a> para o Model S<\/strong> e nos <strong><a href=\"https:\/\/www.credibom.pt\/credito\/automovel\" target=\"_blank\" rel=\"noreferrer noopener nofollow\">114 990 euros<\/a> no Model X.<\/strong><\/p>\n<p>Desde o seu lan\u00e7amento \u2014 em 2012 no caso do Model S e em 2015 no do Model X \u2014, a Tesla tem vindo a introduzir melhorias constantes nestes modelos. A mais profunda ocorreu em 2021, com a introdu\u00e7\u00e3o das vers\u00f5es Plaid, com um novo grupo propulsor, chassis e interiores redesenhados.<\/p>\n<p>Descubra o seu pr\u00f3ximo autom\u00f3vel:<\/p>\n<p>O que mudou?<\/p>\n<p>Nesta nova atualiza\u00e7\u00e3o, a marca norte-americana aposta numa maior efici\u00eancia, mais conforto e um sil\u00eancio a bordo melhorado. O habit\u00e1culo tornou-se mais isolado, gra\u00e7as \u00e0 utiliza\u00e7\u00e3o de novos materiais ac\u00fasticos tanto no chassis como no interior.<\/p>\n<p>Por fora, ambos os modelos receberam novas jantes (de 19\u2033 e de 21\u2033 no Model S; de 20\u2033 e de 22\u2033 no Model X), e viram a sua suspens\u00e3o pneum\u00e1tica revista. No SUV, h\u00e1 ainda uma terceira fila de assentos mais espa\u00e7osa, com uma maior largura ao n\u00edvel dos ombros.<\/p>\n<p>Mais eficientes<\/p>\n<p>Os dois modelos da Tesla ficaram assim mais eficientes, ganhando autonomia sem alterar a pot\u00eancia m\u00e1xima. As vers\u00f5es Plaid, claro, continuam a ser as mais extremas.<\/p>\n<tr>Tesla Model SDual Motor AWDPlaid<\/tr>\n<tr>\n<td>Motores<\/td>\n<td>2<\/td>\n<td>3<\/td>\n<\/tr>\n<tr>\n<td>Pot\u00eancia (kW\/cv)<\/td>\n<td>493 kW (670 cv)<\/td>\n<td>750 kW (1020 cv)<\/td>\n<\/tr>\n<tr>\n<td>Autonomia (WLTP)<\/td>\n<td>744 km (antes: 634 km)*<\/td>\n<td>611 km (antes: 600 km)*<\/td>\n<\/tr>\n<tr>\n<td>0-100 km\/h<\/td>\n<td>3,2s<\/td>\n<td>2,1s<\/td>\n<\/tr>\n<tr>\n<td>Vel. M\u00e1x.<\/td>\n<td>240 km\/h<\/td>\n<td>262 km\/h<\/td>\n<\/tr>\n<p>* De s\u00e9rie com jantes Magnetite de 19\u2033<\/p>\n<p>O Model S Plaid tamb\u00e9m recebeu melhorias destinadas a melhorar a estabilidade a velocidades mais elevadas. As sec\u00e7\u00f5es dianteira e traseira t\u00eam um desenho revisto e incorporam agora um spoiler em fibra de carbono e um difusor otimizado, melhorando o fluxo de ar e a estabilidade.<\/p>\n<p><img loading=\"lazy\" decoding=\"async\" src=\"data:image\/svg+xml,%3Csvg%20xmlns=\" http:=\"\" alt=\"Tesla Model X\" class=\"wp-image-1050946\" width=\"840\" height=\"472\" data-lazy- data-lazy- data-lazy-src=\"https:\/\/www.europesays.com\/pt\/wp-content\/uploads\/2025\/07\/Tesla-Model-X.webp.webp\"\/>\u00a9 Tesla A efici\u00eancia em ambos os modelos foi melhorada com recurso a novos pneus de baixa resist\u00eancia e a um design de jantes mais aerodin\u00e2mico.<\/p>\n<p>A Tesla introduziu ainda novos componentes de estabiliza\u00e7\u00e3o e rotores envoltos em carbono, de forma a garantir uma curva de pot\u00eancia mais linear. Na pr\u00e1tica, estas melhorias traduzem-se numa din\u00e2mica mais precisa e um desempenho mais consistente e mais tolerante \u00e0 fadiga, sobretudo nos momentos de utiliza\u00e7\u00e3o mais \u201cexigente\u201d.<\/p>\n<tr>Tesla Model XDual Motor AWDPlaid<\/tr>\n<tr>\n<td>Motores<\/td>\n<td>2<\/td>\n<td>3<\/td>\n<\/tr>\n<tr>\n<td>Pot\u00eancia (kW\/cv)<\/td>\n<td>493 kW (670 kW)<\/td>\n<td>750 kW (1020 cv)<\/td>\n<\/tr>\n<tr>\n<td>Autonomia (WLTP)<\/td>\n<td>600 km (antes: 576 km)*<\/td>\n<td>567 (antes: 543 km)*<\/td>\n<\/tr>\n<tr>\n<td>0-100 km\/h<\/td>\n<td>3,9s<\/td>\n<td>2,6s<\/td>\n<\/tr>\n<tr>\n<td>Vel. M\u00e1x.<\/td>\n<td>240 km\/h<\/td>\n<td>262 km\/h<\/td>\n<\/tr>\n<p>*com opcional de jantes Machina de 22\u201d<\/p>\n<p>Apesar das melhorias na efici\u00eancia, as motoriza\u00e7\u00f5es mant\u00eam-se inalteradas, tanto no Model S como no Model X. As mudan\u00e7as concentram-se sobretudo na gest\u00e3o de software e na otimiza\u00e7\u00e3o energ\u00e9tica, permitindo ganhos de autonomia sem mexer na mec\u00e2nica.<\/p>\n<p>Ambos os modelos oferecem ainda carregamentos ilimitados nos Supercharger e conetividade Premium gratuita para o primeiro propriet\u00e1rio enquanto mantiver o ve\u00edculo.<\/p>\n<p>Quando chegam?<\/p>\n<p>Como mencionado acima, os dois modelos j\u00e1 est\u00e3o dispon\u00edveis para encomenda em Portugal, com pre\u00e7os a partir dos 109 990 euros no caso do Model S, e de 114 990 euros no caso do Model X. As primeiras entregas aos clientes come\u00e7am j\u00e1 no pr\u00f3ximo m\u00eas.<\/p>\n<p>\t\t\tSabe esta resposta?<br \/>\n\t\t\tComo se chama o primeiro t\u00e1xi-rob\u00f4 apresentado pela Tesla?<\/p>\n<p>\n\t\t\t\t\t\t\t\t\t\t\tCybercab<br \/>\n\t\t\t\t\t\t\t\t\t\t\tCybernap<br \/>\n\t\t\t\t\t\t\t\t\t\t\tAutocab\n\t\t\t\t\t\t\t\t\t<\/p>\n","protected":false},"excerpt":{"rendered":"Depois da nova gera\u00e7\u00e3o do Model Y e do lan\u00e7amento da sua vers\u00e3o low cost, a Tesla revelou&hellip;\n","protected":false},"author":2,"featured_media":122367,"comment_status":"","ping_status":"","sticky":false,"template":"","format":"standard","meta":{"footnotes":""},"categories":[83],"tags":[88,89,90,271,32,1503,33,296,4607,4608],"class_list":{"0":"post-122366","1":"post","2":"type-post","3":"status-publish","4":"format-standard","5":"has-post-thumbnail","7":"category-empresas","8":"tag-business","9":"tag-economy","10":"tag-empresas","11":"tag-lancamento","12":"tag-portugal","13":"tag-precos","14":"tag-pt","15":"tag-tesla","16":"tag-tesla-model-s","17":"tag-tesla-model-x"},"share_on_mastodon":{"url":"https:\/\/pubeurope.com\/@pt\/115420480565204208","error":""},"_links":{"self":[{"href":"https:\/\/www.europesays.com\/pt\/wp-json\/wp\/v2\/posts\/122366","targetHints":{"allow":["GET"]}}],"collection":[{"href":"https:\/\/www.europesays.com\/pt\/wp-json\/wp\/v2\/posts"}],"about":[{"href":"https:\/\/www.europesays.com\/pt\/wp-json\/wp\/v2\/types\/post"}],"author":[{"embeddable":true,"href":"https:\/\/www.europesays.com\/pt\/wp-json\/wp\/v2\/users\/2"}],"replies":[{"embeddable":true,"href":"https:\/\/www.europesays.com\/pt\/wp-json\/wp\/v2\/comments?post=122366"}],"version-history":[{"count":0,"href":"https:\/\/www.europesays.com\/pt\/wp-json\/wp\/v2\/posts\/122366\/revisions"}],"wp:featuredmedia":[{"embeddable":true,"href":"https:\/\/www.europesays.com\/pt\/wp-json\/wp\/v2\/media\/122367"}],"wp:attachment":[{"href":"https:\/\/www.europesays.com\/pt\/wp-json\/wp\/v2\/media?parent=122366"}],"wp:term":[{"taxonomy":"category","embeddable":true,"href":"https:\/\/www.europesays.com\/pt\/wp-json\/wp\/v2\/categories?post=122366"},{"taxonomy":"post_tag","embeddable":true,"href":"https:\/\/www.europesays.com\/pt\/wp-json\/wp\/v2\/tags?post=122366"}],"curies":[{"name":"wp","href":"https:\/\/api.w.org\/{rel}","templated":true}]}}