{"id":12238,"date":"2025-08-01T23:04:09","date_gmt":"2025-08-01T23:04:09","guid":{"rendered":"https:\/\/www.europesays.com\/pt\/12238\/"},"modified":"2025-08-01T23:04:09","modified_gmt":"2025-08-01T23:04:09","slug":"chappell-roan-ostenta-quilometros-de-longos-cabelos-ruivos-em-seu-novo-videoclipe","status":"publish","type":"post","link":"https:\/\/www.europesays.com\/pt\/12238\/","title":{"rendered":"Chappell Roan ostenta quil\u00f4metros de longos cabelos ruivos em seu novo videoclipe"},"content":{"rendered":"\n<p class=\" content-text__container \" data-track-category=\"Link no Texto\" data-track-links=\"\"> No fim, Roan percebe que precisa parar de perseguir a figura de<a class=\"\" href=\"https:\/\/glamour.globo.com\/beleza\/cabelo\/noticia\/2020\/03\/como-tirar-o-verde-do-cabelo-loiro.ghtml\" rel=\"nofollow noopener\" target=\"_blank\"> cabelo verde<\/a>, mesmo que seguir em frente seja dif\u00edcil. Surge ent\u00e3o um <a class=\"\" href=\"https:\/\/glamour.globo.com\/tudo-sobre\/comprimento-de-cabelo\/bob\/\" rel=\"nofollow noopener\" target=\"_blank\">bob <\/a>vermelho, talvez simbolizando um novo come\u00e7o para a nossa protagonista. \u201cEla escapou\u201d, canta ela, melancolicamente, pelas ruas da <a class=\"\" href=\"https:\/\/glamour.globo.com\/lifestyle\/trending\/noticia\/2020\/11\/reboot-de-gossip-girl-reinicia-filmagens-e-elenco-e-flagrado-nos-degraus-do-met-em-nyc.ghtml\" rel=\"nofollow noopener\" target=\"_blank\">NYC<\/a>. O objeto de sua afei\u00e7\u00e3o desaparece nas profundezas de outro vag\u00e3o no metr\u00f4, enquanto a cantora \u00e9 vista agarrada \u00e0s mechas verdes, ainda tentando descobrir como deix\u00e1-la ir. <\/p>\n","protected":false},"excerpt":{"rendered":"No fim, Roan percebe que precisa parar de perseguir a figura de cabelo verde, mesmo que seguir em&hellip;\n","protected":false},"author":2,"featured_media":12239,"comment_status":"","ping_status":"","sticky":false,"template":"","format":"standard","meta":{"footnotes":""},"categories":[141],"tags":[114,115,149,150,32,33],"class_list":{"0":"post-12238","1":"post","2":"type-post","3":"status-publish","4":"format-standard","5":"has-post-thumbnail","7":"category-musica","8":"tag-entertainment","9":"tag-entretenimento","10":"tag-music","11":"tag-musica","12":"tag-portugal","13":"tag-pt"},"share_on_mastodon":{"url":"","error":""},"_links":{"self":[{"href":"https:\/\/www.europesays.com\/pt\/wp-json\/wp\/v2\/posts\/12238","targetHints":{"allow":["GET"]}}],"collection":[{"href":"https:\/\/www.europesays.com\/pt\/wp-json\/wp\/v2\/posts"}],"about":[{"href":"https:\/\/www.europesays.com\/pt\/wp-json\/wp\/v2\/types\/post"}],"author":[{"embeddable":true,"href":"https:\/\/www.europesays.com\/pt\/wp-json\/wp\/v2\/users\/2"}],"replies":[{"embeddable":true,"href":"https:\/\/www.europesays.com\/pt\/wp-json\/wp\/v2\/comments?post=12238"}],"version-history":[{"count":0,"href":"https:\/\/www.europesays.com\/pt\/wp-json\/wp\/v2\/posts\/12238\/revisions"}],"wp:featuredmedia":[{"embeddable":true,"href":"https:\/\/www.europesays.com\/pt\/wp-json\/wp\/v2\/media\/12239"}],"wp:attachment":[{"href":"https:\/\/www.europesays.com\/pt\/wp-json\/wp\/v2\/media?parent=12238"}],"wp:term":[{"taxonomy":"category","embeddable":true,"href":"https:\/\/www.europesays.com\/pt\/wp-json\/wp\/v2\/categories?post=12238"},{"taxonomy":"post_tag","embeddable":true,"href":"https:\/\/www.europesays.com\/pt\/wp-json\/wp\/v2\/tags?post=12238"}],"curies":[{"name":"wp","href":"https:\/\/api.w.org\/{rel}","templated":true}]}}