{"id":122381,"date":"2025-10-22T23:55:26","date_gmt":"2025-10-22T23:55:26","guid":{"rendered":"https:\/\/www.europesays.com\/pt\/122381\/"},"modified":"2025-10-22T23:55:26","modified_gmt":"2025-10-22T23:55:26","slug":"doenca-dos-pezinhos-portugal-com-maior-prevalencia-do-mundo-observador","status":"publish","type":"post","link":"https:\/\/www.europesays.com\/pt\/122381\/","title":{"rendered":"Doen\u00e7a dos pezinhos. Portugal com maior preval\u00eancia do mundo \u2013 Observador"},"content":{"rendered":"<p>Portugal apresenta a maior preval\u00eancia da paramiloidose no mundo, com 2000 portadores da muta\u00e7\u00e3o gen\u00e9tica respons\u00e1vel pela que \u00e9 conhecida como a \u201cDoen\u00e7a dos Pezinhos\u201d, indica um estudo que ser\u00e1 divulgado esta quinta-feira.<\/p>\n<p>A an\u00e1lise, que caracteriza a distribui\u00e7\u00e3o da doen\u00e7a no pa\u00eds, \u00e9 apresentada no encontro \u201cParamiloidose: uma viagem ao passado, presente e futuro\u201d, que assinala os 20 anos da morte do Professor Doutor Corino Andrade, neurologista que a identificou pela primeira vez, a decorrer em Vila do Conde.<\/p>\n<p>Segundo um comunicado da Associa\u00e7\u00e3o Portuguesa de Paramiloidose (APP), que organiza o encontro em parceria com a empresa farmac\u00eautica AstraZeneca, o estudo Cardinal indica igualmente que cerca de <strong>35% do total dos 2000 portadores da muta\u00e7\u00e3o gen\u00e9tica ainda n\u00e3o apresentam sintomas.<\/strong><\/p>\n<p>Al\u00e9m do Cardinal, \u00e9 apresentado no encontro o estudo Lantern, que avalia as necessidades e a qualidade de vida dos doentes, permitindo os resultados de ambos, \u201cpela primeira vez, uma vis\u00e3o clara sobre a realidade da paramiloidose em Portugal\u201d, considera a associa\u00e7\u00e3o.<\/p>\n<p>De acordo com o Cardinal, <strong>o distrito do Porto concentra um quarto de todos os casos (quase 600 pessoas), seguido do de Braga (perto de 500 casos) e Aveiro (200)<\/strong>.<\/p>\n<p>\u201cEstes dados v\u00eam confirmar aquilo que sentimos h\u00e1 muito no terreno: o peso da paramiloidose em regi\u00f5es como o norte do pa\u00eds, onde muitas fam\u00edlias vivem com a doen\u00e7a h\u00e1 v\u00e1rias gera\u00e7\u00f5es. No entanto, o estudo tamb\u00e9m identifica a exist\u00eancia de casos dispersos que \u00e9 preciso acompanhar\u201d, assinalou Carlos Figueiras, presidente da APP, citado no comunicado.<\/p>\n<p>O estudo Lantern indica <strong>38,4% dos doentes est\u00e3o reformados por invalidez<\/strong>, salientando que <strong>61,2% n\u00e3o recebem apoio (formal e\/ou informal) \u201csuficiente para as suas necessidades di\u00e1rias\u201d<\/strong>.<\/p>\n<p>A paramiloidose \u00e9 heredit\u00e1ria e, \u201cse um dos progenitores tiver a muta\u00e7\u00e3o no gene TTR, existe 50% de probabilidade de a transmitir a cada filho\u201d, mostrando o Lantern que a doen\u00e7a condicionou a decis\u00e3o de 49,6% dos inquiridos de ter filhos.<\/p>\n<p>Formigueiro, dores e fraqueza muscular, bem como a perda de sensibilidade nos p\u00e9s e nas m\u00e3os s\u00e3o alguns dos sintomas iniciais da doen\u00e7a que, \u00e0 medida que progride, pode causar dificuldades digestivas, perda de peso, tonturas e desmaios, assim como baixa tens\u00e3o arterial, disfun\u00e7\u00e3o sexual e problemas urin\u00e1rios.<\/p>\n<p>\u201cOs resultados dos Estudos CARDINAL e LANTERN s\u00e3o um marco importante para todos n\u00f3s. Conhecer melhor a realidade da paramiloidose em Portugal permite-nos n\u00e3o s\u00f3 compreender a dimens\u00e3o do desafio, mas tamb\u00e9m refor\u00e7ar a import\u00e2ncia do diagn\u00f3stico precoce e do acompanhamento\u201d, adiantou Carlos Figueiras.<\/p>\n<p>A prop\u00f3sito, ser\u00e1 lan\u00e7ada no encontro a campanha \u201cP\u00e9 Ante P\u00e9\u201d, visando <strong>\u201caumentar a consciencializa\u00e7\u00e3o sobre a doen\u00e7a, promover a dete\u00e7\u00e3o precoce e refor\u00e7ar o papel das fam\u00edlias no acompanhamento da patologia\u201d<\/strong>, refere o comunicado.<\/p>\n<p>A campanha, promovida pela APP, a Sociedade Portuguesa de Cardiologia e a Sociedade Portuguesa de Estudo das Doen\u00e7as Neuromusculares, com o apoio da AstraZeneca, ir\u00e1 decorrer ao longo dos pr\u00f3ximos meses.<\/p>\n<p>                    <strong>Tem um minuto?<\/strong><br \/>O Observador est\u00e1 a realizar junto dos seus leitores um curto estudo de apenas quatro perguntas. <a href=\"https:\/\/observador.typeform.com\/to\/DnJJ0FZQ\" target=\"_blank\" style=\"text-decoration: underline; color:#262626;\" rel=\"nofollow noopener\">Responda aqui<\/a>.<\/p>\n","protected":false},"excerpt":{"rendered":"Portugal apresenta a maior preval\u00eancia da paramiloidose no mundo, com 2000 portadores da muta\u00e7\u00e3o gen\u00e9tica respons\u00e1vel pela que&hellip;\n","protected":false},"author":2,"featured_media":122382,"comment_status":"","ping_status":"","sticky":false,"template":"","format":"standard","meta":{"footnotes":""},"categories":[86],"tags":[442,6727,14199,116,32,33,2946,117],"class_list":{"0":"post-122381","1":"post","2":"type-post","3":"status-publish","4":"format-standard","5":"has-post-thumbnail","7":"category-saude","8":"tag-ciu00eancia","9":"tag-doenu00e7as","10":"tag-estudo-cientu00edfico","11":"tag-health","12":"tag-portugal","13":"tag-pt","14":"tag-sau00fade","15":"tag-saude"},"share_on_mastodon":{"url":"https:\/\/pubeurope.com\/@pt\/115420523611131424","error":""},"_links":{"self":[{"href":"https:\/\/www.europesays.com\/pt\/wp-json\/wp\/v2\/posts\/122381","targetHints":{"allow":["GET"]}}],"collection":[{"href":"https:\/\/www.europesays.com\/pt\/wp-json\/wp\/v2\/posts"}],"about":[{"href":"https:\/\/www.europesays.com\/pt\/wp-json\/wp\/v2\/types\/post"}],"author":[{"embeddable":true,"href":"https:\/\/www.europesays.com\/pt\/wp-json\/wp\/v2\/users\/2"}],"replies":[{"embeddable":true,"href":"https:\/\/www.europesays.com\/pt\/wp-json\/wp\/v2\/comments?post=122381"}],"version-history":[{"count":0,"href":"https:\/\/www.europesays.com\/pt\/wp-json\/wp\/v2\/posts\/122381\/revisions"}],"wp:featuredmedia":[{"embeddable":true,"href":"https:\/\/www.europesays.com\/pt\/wp-json\/wp\/v2\/media\/122382"}],"wp:attachment":[{"href":"https:\/\/www.europesays.com\/pt\/wp-json\/wp\/v2\/media?parent=122381"}],"wp:term":[{"taxonomy":"category","embeddable":true,"href":"https:\/\/www.europesays.com\/pt\/wp-json\/wp\/v2\/categories?post=122381"},{"taxonomy":"post_tag","embeddable":true,"href":"https:\/\/www.europesays.com\/pt\/wp-json\/wp\/v2\/tags?post=122381"}],"curies":[{"name":"wp","href":"https:\/\/api.w.org\/{rel}","templated":true}]}}