{"id":122429,"date":"2025-10-23T01:10:28","date_gmt":"2025-10-23T01:10:28","guid":{"rendered":"https:\/\/www.europesays.com\/pt\/122429\/"},"modified":"2025-10-23T01:10:28","modified_gmt":"2025-10-23T01:10:28","slug":"velorio-nos-jeronimos-mostrou-da-esquerda-a-direita-a-unanimidade-de-balsemao-francisco-pinto-balsemao","status":"publish","type":"post","link":"https:\/\/www.europesays.com\/pt\/122429\/","title":{"rendered":"Vel\u00f3rio nos Jer\u00f3nimos mostrou, da esquerda \u00e0 direita, a unanimidade de Balsem\u00e3o | Francisco Pinto Balsem\u00e3o"},"content":{"rendered":"<p>Uma mancha negra, de pessoas, preencheu a entrada, e outra mancha negra, que amea\u00e7ava chuva, preencheu o c\u00e9u, no dia em que se prestou homenagem ao homem que dedicou a vida a afastar as nuvens da liberdade da imprensa e da democracia. Em nome de Francisco Pinto Balsem\u00e3o, da esquerda \u00e0 direita, pol\u00edticos activos e inactivos reuniram-se no Mosteiro dos Jer\u00f3nimos, em Lisboa, cujas portas se previam fechadas \u00e0s 22h, mas a dimens\u00e3o da fila alterou os planos.<\/p>\n<p>Pelas 17h45, fam\u00edlia, como Francisco Pedro Balsem\u00e3o (um dos cinco filhos e CEO do grupo Impresa), amigos pr\u00f3ximos e algumas figuras da SIC, como o director de programas Daniel Oliveira, j\u00e1 entravam ou j\u00e1 tinham entrado para se despedir de <a href=\"https:\/\/www.publico.pt\/francisco-pinto-balsemao\" target=\"_blank\" rel=\"nofollow noopener\">Pinto Balsem\u00e3o<\/a> para que, pelas 18h30, o mosteiro se abrisse aos restantes: figuras pol\u00edticas, televisivas, jornalistas, em trabalho ou homenagem, e qualquer outro admirador.<\/p>\n<p>S\u00edmbolo da liberdade democr\u00e1tica e, por isso, do debate plural, \u00e9 o t\u00edtulo que explica, em parte, a enorm\u00edssima fila, que se estendeu at\u00e9 \u00e0 ponta da Igreja de Santa Maria de Bel\u00e9m. Fila esta na qual <a href=\"https:\/\/www.publico.pt\/2025\/10\/17\/politica\/noticia\/passos-coelho-andou-ai-sai-cena-ate-2151298\" target=\"_blank\" rel=\"nofollow noopener\">Pedro Passos Coelho<\/a> insistiu em ficar, mesmo depois de ter sido convidado, por v\u00e1rias vezes, a entrar directamente no mosteiro. O tamb\u00e9m ex-primeiro-ministro, \u00e0 sa\u00edda, falou de Pinto Balsem\u00e3o como um homem que &#8220;remou muito&#8221; e contribuiu &#8220;para acelerar a cultura democr\u00e1tica&#8221; em Portugal, ideia que ecoou entre todos os que quiseram prestar declara\u00e7\u00f5es.<\/p>\n<p>Outro ex-primeiro-ministro, e actual presidente da C\u00e2mara da Figueira da Foz, cunhou Pinto Balsem\u00e3o como um &#8220;cavalheiro da democracia&#8221;.<a href=\"https:\/\/www.publico.pt\/pedro-santana-lopes\" target=\"_blank\" rel=\"nofollow noopener\"> Pedro Santana Lopes<\/a>, depois de admitir que ele pr\u00f3prio chegou a ser cr\u00edtico de Balsem\u00e3o, \u00e0 sa\u00edda do vel\u00f3rio, expressou o que se viu: o &#8220;momento muito raro de unanimidade no pronunciamento de outros sectores pol\u00edticos&#8221;.<\/p>\n<p>        &#13;<br \/>\n            &#13;<br \/>\n            &#13;<br \/>\n                Marcelo Rebelo de Sousa, Presidente da Rep\u00fablica, e Lu\u00eds Montenegro, primeiro-ministro&#13;<br \/>\nNuno Ferreira Santos            &#13;<br \/>\n&#13;<\/p>\n<p>N\u00e3o faltaram afiliados do partido do qual Pinto Balsem\u00e3o era militante n\u00famero um. O Presidente da Rep\u00fablica e o primeiro-ministro chegaram, no mesmo carro. Cerca de uma hora depois, Marcelo Rebelo de Sousa e Lu\u00eds Montenegro sa\u00edram sem novas declara\u00e7\u00f5es. Tamb\u00e9m Paulo Rangel, ministro do Estado e Neg\u00f3cios Estrangeiros, Joaquim Miranda Sarmento, das Finan\u00e7as, Rita J\u00fadice, da Justi\u00e7a, e Margarida Balseiro Lopes, da Cultura e Juventude \u2014 al\u00e9m de outros membros do actual Governo do <a href=\"https:\/\/www.publico.pt\/portugal\/psd\" target=\"_blank\" rel=\"nofollow noopener\">PSD <\/a>\u2014 passaram por ali.<\/p>\n<p>\u00c0 esquerda, o candidato presidencial apoiado pelo Partido Socialista apareceu para homenagear &#8220;um homem sempre \u00e0 frente do seu tempo&#8221;. &#8220;O pa\u00eds deve-lhe muito pelo que deu \u00e0 democracia e \u00e0 luta pela liberdade&#8221;, referiu<a href=\"https:\/\/www.publico.pt\/2025\/10\/20\/politica\/noticia\/apoio-ps-seguro-candidatura-suprapartidaria-2151537\" target=\"_blank\" rel=\"nofollow noopener\"> Ant\u00f3nio Jos\u00e9 Seguro<\/a>. A ex-candidata presidencial Ana Gomes, em 2021 apoiada pelo Livre, PAN e algumas figuras do PS, referiu que Portugal ficou &#8220;empobrecido&#8221; com esta perda. Tamb\u00e9m Ramalho Eanes, antigo Presidente da Rep\u00fablica e contempor\u00e2neo de um Pinto Balsem\u00e3o enquanto primeiro-ministro, destacou-lhe o papel na &#8220;politiza\u00e7\u00e3o da sociedade e na socializa\u00e7\u00e3o da pol\u00edtica&#8221;.<\/p>\n<p>Para Rui Tavares, l\u00edder do Livre, Francisco Pinto Balsem\u00e3o deixou um contributo indiscut\u00edvel &#8220;em ditadura e democracia, na imprensa e na pol\u00edtica, na oposi\u00e7\u00e3o e no Governo&#8221;. O fundador do PPD (agora PSD) e do grupo Impresa, que det\u00e9m a SIC e o Expresso\u200b, morreu na ter\u00e7a-feira, com 88 anos. A missa decorrer\u00e1 no mesmo local, na quinta-feira, pelas 13h.<\/p>\n","protected":false},"excerpt":{"rendered":"Uma mancha negra, de pessoas, preencheu a entrada, e outra mancha negra, que amea\u00e7ava chuva, preencheu o c\u00e9u,&hellip;\n","protected":false},"author":2,"featured_media":122430,"comment_status":"","ping_status":"","sticky":false,"template":"","format":"standard","meta":{"footnotes":""},"categories":[10],"tags":[27,28,13457,22396,15,16,28067,14,22361,1428,25,26,3806,1447,21,22,588,28361,12,13,19,20,15086,11284,32,1963,23,24,4579,33,1751,58,17,18,29,30,31],"class_list":{"0":"post-122429","1":"post","2":"type-post","3":"status-publish","4":"format-standard","5":"has-post-thumbnail","7":"category-portugal","8":"tag-breaking-news","9":"tag-breakingnews","10":"tag-democracia","11":"tag-expresso","12":"tag-featured-news","13":"tag-featurednews","14":"tag-francisco-pinto-balsemao","15":"tag-headlines","16":"tag-impresa","17":"tag-jornalismo","18":"tag-latest-news","19":"tag-latestnews","20":"tag-liberdade-de-imprensa","21":"tag-luis-montenegro","22":"tag-main-news","23":"tag-mainnews","24":"tag-marcelo-rebelo-de-sousa","25":"tag-mosteiro-dos-jeronimos","26":"tag-news","27":"tag-noticias","28":"tag-noticias-principais","29":"tag-noticiasprincipais","30":"tag-partido-socialista","31":"tag-pedro-passos-coelho","32":"tag-portugal","33":"tag-presidente-da-republica","34":"tag-principais-noticias","35":"tag-principaisnoticias","36":"tag-psd","37":"tag-pt","38":"tag-sic","39":"tag-sociedade","40":"tag-top-stories","41":"tag-topstories","42":"tag-ultimas","43":"tag-ultimas-noticias","44":"tag-ultimasnoticias"},"share_on_mastodon":{"url":"","error":"Validation failed: Text character limit of 500 exceeded"},"_links":{"self":[{"href":"https:\/\/www.europesays.com\/pt\/wp-json\/wp\/v2\/posts\/122429","targetHints":{"allow":["GET"]}}],"collection":[{"href":"https:\/\/www.europesays.com\/pt\/wp-json\/wp\/v2\/posts"}],"about":[{"href":"https:\/\/www.europesays.com\/pt\/wp-json\/wp\/v2\/types\/post"}],"author":[{"embeddable":true,"href":"https:\/\/www.europesays.com\/pt\/wp-json\/wp\/v2\/users\/2"}],"replies":[{"embeddable":true,"href":"https:\/\/www.europesays.com\/pt\/wp-json\/wp\/v2\/comments?post=122429"}],"version-history":[{"count":0,"href":"https:\/\/www.europesays.com\/pt\/wp-json\/wp\/v2\/posts\/122429\/revisions"}],"wp:featuredmedia":[{"embeddable":true,"href":"https:\/\/www.europesays.com\/pt\/wp-json\/wp\/v2\/media\/122430"}],"wp:attachment":[{"href":"https:\/\/www.europesays.com\/pt\/wp-json\/wp\/v2\/media?parent=122429"}],"wp:term":[{"taxonomy":"category","embeddable":true,"href":"https:\/\/www.europesays.com\/pt\/wp-json\/wp\/v2\/categories?post=122429"},{"taxonomy":"post_tag","embeddable":true,"href":"https:\/\/www.europesays.com\/pt\/wp-json\/wp\/v2\/tags?post=122429"}],"curies":[{"name":"wp","href":"https:\/\/api.w.org\/{rel}","templated":true}]}}