{"id":122433,"date":"2025-10-23T01:18:28","date_gmt":"2025-10-23T01:18:28","guid":{"rendered":"https:\/\/www.europesays.com\/pt\/122433\/"},"modified":"2025-10-23T01:18:28","modified_gmt":"2025-10-23T01:18:28","slug":"editora-roncarati-46o-cbpp-sessao-de-autografos-do-livro-previdencia-e-coisa-de-familia-e-realizada-na-manha-do-primeiro-dia","status":"publish","type":"post","link":"https:\/\/www.europesays.com\/pt\/122433\/","title":{"rendered":"Editora Roncarati &#8211; 46\u00ba CBPP: Sess\u00e3o de aut\u00f3grafos do livro \u201cPrevid\u00eancia \u00e9 Coisa de Fam\u00edlia\u201d \u00e9 realizada na manh\u00e3 do primeiro dia"},"content":{"rendered":"<p>\t\t\t\t\t<a href=\"https:\/\/www.editoraroncarati.com.br\/v2\/Artigos-e-Noticias\/Artigos-e-Noticias\/46\u00ba-CBPP-Sessao-de-autografos-do-livro-Previdencia-e-Coisa-de-Familia-e-realizada-na-manha-do-primeiro-dia\/Imprimir.html\" title=\"Imprimir\" onclick=\"window.open(this.href,&#039;win2&#039;,&#039;status=no,toolbar=no,scrollbars=yes,titlebar=no,menubar=no,resizable=yes,width=640,height=480,directories=no,location=no&#039;); return false;\" rel=\"nofollow noopener\" target=\"_blank\"><img decoding=\"async\" src=\"https:\/\/www.europesays.com\/pt\/wp-content\/uploads\/2025\/07\/printButton.png\" alt=\"Imprimir\" \/><\/a>\t\t\t\t<\/p>\n<p>\t\t\t\t\t<a href=\"https:\/\/www.editoraroncarati.com.br\/v2\/pdf\/Artigos-e-Noticias\/Artigos-e-Noticias\/46\u00ba-CBPP-Sessao-de-autografos-do-livro-Previdencia-e-Coisa-de-Familia-e-realizada-na-manha-do-primeiro-dia.pdf\" title=\"PDF\" onclick=\"window.open(this.href,&#039;win2&#039;,&#039;status=no,toolbar=no,scrollbars=yes,titlebar=no,menubar=no,resizable=yes,width=640,height=480,directories=no,location=no&#039;); return false;\" rel=\"nofollow noopener\" target=\"_blank\"><img decoding=\"async\" src=\"https:\/\/www.europesays.com\/pt\/wp-content\/uploads\/2025\/07\/pdf_button.png\" alt=\"PDF\" \/><\/a>\t\t\t\t<\/p>\n<p>\t<a href=\"https:\/\/www.editoraroncarati.com.br\/v2\/Artigos-e-Noticias\/Artigos-e-Noticias\/46\u00ba-CBPP-Sessao-de-autografos-do-livro-Previdencia-e-Coisa-de-Familia-e-realizada-na-manha-do-primeiro-dia.html\/javascript:history.go(-1)\" rel=\"nofollow noopener\" target=\"_blank\">Voltar<\/a><\/p>\n<p style=\"text-align: justify;\">Por Alexandre Sammogini<\/p>\n<p style=\"text-align: center;\"><img decoding=\"async\" src=\"https:\/\/blog.abrapp.org.br\/wp-content\/uploads\/2025\/10\/WhatsApp-Image-2025-10-22-at-11.22.36.jpeg\" alt=\"\" width=\"80%\" \/><\/p>\n<p style=\"text-align: justify;\">Nesta quarta-feira (22\/10), das 9h \u00e0s 10h, foi realizada a sess\u00e3o de aut\u00f3grafos do livro \u201cPrevid\u00eancia \u00e9 Coisa de Fam\u00edlia\u201d, durante o 46\u00ba Congresso Brasileiro de Previd\u00eancia Privada (CBPP), no Espa\u00e7o de Relacionamentos do Estande Institucional.<\/p>\n<p style=\"text-align: justify;\">A obra foi escrita por Cristiano Verardo, Diretor da Vexty, Especialista da UniAbrapp e Porta-Voz do \u201cPrevid\u00eancia \u00e9 Coisa de Jovem\u201d. O livro apresenta o conceito da Atitude Previdente, uma proposta que integra educa\u00e7\u00e3o financeira, previdenci\u00e1ria e planejamento familiar.<\/p>\n<p style=\"text-align: justify;\">Por meio de hist\u00f3rias e contos que evidenciam a urg\u00eancia do tema, o livro convida as fam\u00edlias a assumirem o protagonismo na constru\u00e7\u00e3o de um futuro mais pr\u00f3spero. As atitudes previdentes apresentadas visam auxiliar na constru\u00e7\u00e3o de um plano de previd\u00eancia, al\u00e9m de contribuir para um cotidiano mais equilibrado e bem-sucedido.<\/p>\n<p style=\"text-align: justify;\">Cada atitude previdente foi pensada para gerar impacto, influ\u00eancia e despertamento. Segundo o autor, a obra \u00e9 uma ferramenta para \u201csair da bolha\u201d e ampliar o alcance do tema, ajudando a transformar a previd\u00eancia em um assunto de fam\u00edlia.<\/p>\n<p style=\"text-align: justify;\">Lan\u00e7amento e divulga\u00e7\u00e3o de livros \u2013 A programa\u00e7\u00e3o do 46\u00ba CBPP est\u00e1 repleta de sess\u00f5es de aut\u00f3grafos para o lan\u00e7amento ou divulga\u00e7\u00e3o de livros com a presen\u00e7a dos respectivos autores. Um dos destaques do primeiro dia (22\/10), das 17h00 \u00e0s 18h00, ser\u00e1 o lan\u00e7amento da colet\u00e2nea de artigos \u201cPrevid\u00eancia Complementar, o papel transformador na inclus\u00e3o e prote\u00e7\u00e3o social: tend\u00eancias, desafios e oportunidades\u201d que tem como organizadores, Eduardo Lamers e Germana Vogt.<\/p>\n<p style=\"text-align: justify;\">Ainda no primeiro dia, ser\u00e1 lan\u00e7ado o aguardado livro \u201cRessignificar a Previd\u00eancia: o novo ciclo de transforma\u00e7\u00e3o e expans\u00e3o da Abrapp e dos fundos de pens\u00e3o\u201d, com a presen\u00e7a de Devanir Silva, Diretor-Presidente da Abrapp.<\/p>\n<p style=\"text-align: justify;\">Ao longo dos tr\u00eas dias do evento ocorrem ao todo 14 sess\u00f5es de aut\u00f3grafos. V\u00e1rios deles ser\u00e3o palestrantes da programa\u00e7\u00e3o do evento. Vale citar ainda o lan\u00e7amento da colet\u00e2nea \u201cMulheres na Previd\u00eancia\u201d, coordenado por Elaine Turatti, no dia 23\/10, das 15h00 \u00e0s 16h00.<\/p>\n<p style=\"text-align: justify;\">Outros autores que marcam presen\u00e7a em sess\u00f5es de aut\u00f3grafos s\u00e3o os seguintes: Clariana Barcelos, Maria Gurgel, Martha Gabriel, Walter Longo, Fellipe Pacheco de Oliveira, F\u00e1bio Vasconcelos, Thiago Godoy, Edjair Alves, Rodrigo Sisnandes e Gisele Paula.<\/p>\n<p style=\"text-align: justify;\"><a href=\"https:\/\/cbpp.com.br\/programacao\/\" rel=\"nofollow noopener\" target=\"_blank\"><strong>Clique aqui<\/strong><\/a><strong> para acessar a programa\u00e7\u00e3o completa do 46\u00ba CBPP e do Estande Institucional.<\/strong><\/p>\n<p style=\"text-align: justify;\">O 46\u00ba CBPP \u00e9 uma realiza\u00e7\u00e3o da Abrapp, UniAbrapp, Sindapp, ICSS e Conecta. Patroc\u00ednio Diamante: ASA, Evertec, Itajub\u00e1 Investimentos. Patroc\u00ednio Ouro: Aditus Consultoria Financeira, Aon Consultoria, BB Asset, BNP Paribas Asset Management, Bradesco Asset, Galapagos Capital, Ita\u00fa, MAG Seguros, Mirae Asset, Principal Asset Management, REV Corretora, Safra, Santander Asset Management, SulAm\u00e9rica Investimentos, XP Investimentos. Patroc\u00ednio Prata: Caixa Asset, Inter, MarketAxess, PFM Consultoria e Sistemas, Porto Asset, Tr\u00edgono Capital, Vinci Compass. Patroc\u00ednio Bronze: Anbima, Az Quest, Consepro AI, Const\u00e2ncia Investimentos, Fin4She, FRAM Capital, HMC Capital, Icatu Vanguarda, IIA Brasil, Investira, MAF Consultoria e Treinamento, MAPFRE Investimentos, Mirador Atuarial, Multifonds, Opportunity, Patrimonial Gest\u00e3o de Recursos, Polo Capital, PORTO REAL, PRI, PRP Solu\u00e7\u00f5es, Real Investor, RJI Investimentos, TAG Investimentos, Tivio Capital, Vila Velha Corretora de Seguros, WEDAN Consultoria. Parceiro de M\u00eddia: Gazeta Mercantil. Apoio Promocional: ABIPEM, Abrasca, ABRH, ABVCAP, ANABB, ANCEP, ANFIP Nacional, APIMEC Brasil, ASCPrev, B3, CRA-SP, FACPCS, FEBRABAN, FIAP, FIPECAFI, IBA, IBGE, Ibracon, PLANEJAR, Previpar, Tch\u00ea Previd\u00eancia, UNIDAS.<\/p>\n<p style=\"text-align: justify;\"><strong>Fonte: <\/strong><a href=\"https:\/\/blog.abrapp.org.br\/\" rel=\"nofollow noopener\" target=\"_blank\">Abrapp em Foco<\/a>, em 22.10.2025.<\/p>\n","protected":false},"excerpt":{"rendered":"Voltar Por Alexandre Sammogini Nesta quarta-feira (22\/10), das 9h \u00e0s 10h, foi realizada a sess\u00e3o de aut\u00f3grafos do&hellip;\n","protected":false},"author":2,"featured_media":108,"comment_status":"","ping_status":"","sticky":false,"template":"","format":"standard","meta":{"footnotes":""},"categories":[143],"tags":[169,133,114,115,170,32,33],"class_list":{"0":"post-122433","1":"post","2":"type-post","3":"status-publish","4":"format-standard","5":"has-post-thumbnail","7":"category-livros","8":"tag-books","9":"tag-editora-roncarati","10":"tag-entertainment","11":"tag-entretenimento","12":"tag-livros","13":"tag-portugal","14":"tag-pt"},"share_on_mastodon":{"url":"https:\/\/pubeurope.com\/@pt\/115420850010624196","error":""},"_links":{"self":[{"href":"https:\/\/www.europesays.com\/pt\/wp-json\/wp\/v2\/posts\/122433","targetHints":{"allow":["GET"]}}],"collection":[{"href":"https:\/\/www.europesays.com\/pt\/wp-json\/wp\/v2\/posts"}],"about":[{"href":"https:\/\/www.europesays.com\/pt\/wp-json\/wp\/v2\/types\/post"}],"author":[{"embeddable":true,"href":"https:\/\/www.europesays.com\/pt\/wp-json\/wp\/v2\/users\/2"}],"replies":[{"embeddable":true,"href":"https:\/\/www.europesays.com\/pt\/wp-json\/wp\/v2\/comments?post=122433"}],"version-history":[{"count":0,"href":"https:\/\/www.europesays.com\/pt\/wp-json\/wp\/v2\/posts\/122433\/revisions"}],"wp:featuredmedia":[{"embeddable":true,"href":"https:\/\/www.europesays.com\/pt\/wp-json\/wp\/v2\/media\/108"}],"wp:attachment":[{"href":"https:\/\/www.europesays.com\/pt\/wp-json\/wp\/v2\/media?parent=122433"}],"wp:term":[{"taxonomy":"category","embeddable":true,"href":"https:\/\/www.europesays.com\/pt\/wp-json\/wp\/v2\/categories?post=122433"},{"taxonomy":"post_tag","embeddable":true,"href":"https:\/\/www.europesays.com\/pt\/wp-json\/wp\/v2\/tags?post=122433"}],"curies":[{"name":"wp","href":"https:\/\/api.w.org\/{rel}","templated":true}]}}