{"id":122438,"date":"2025-10-23T01:22:50","date_gmt":"2025-10-23T01:22:50","guid":{"rendered":"https:\/\/www.europesays.com\/pt\/122438\/"},"modified":"2025-10-23T01:22:50","modified_gmt":"2025-10-23T01:22:50","slug":"sahun-muir-miguel-teve-uma-carreira-impressionante","status":"publish","type":"post","link":"https:\/\/www.europesays.com\/pt\/122438\/","title":{"rendered":"Sahun Muir \u2018Miguel teve uma carreira impressionante\u2019"},"content":{"rendered":"<p>Miguel Oliveira foi confirmado na BMW Motorrad RokIt  WorldSBK h\u00e1 mais de um m\u00eas. Entretanto a equipa atual de Toprak Razgatlioglu venceu o campeonato na \u00faltima ronda em Jerez, com o piloto turco a celebrar o seu terceiro t\u00edtulo no mundial.<\/p>\n<p>Sahun Muir, chefe da equipa alem\u00e3, na altura da contrata\u00e7\u00e3o do piloto portugu\u00eas para 2026, falou sobre a carreira do mesmo e os motivos que incentivaram a contrata\u00e7\u00e3o de Miguel Oliveira.<\/p>\n<p>\u2013 Estou muito feliz por finalmente podermos anunciar a contrata\u00e7\u00e3o de Miguel Oliveira para a equipa ROKiT BMW Motorrad WorldSBK. Miguel teve uma carreira impressionante no MotoGP, e a sua chegada ao WorldSBK \u00e9 uma das mais esperadas dos \u00faltimos anos. Acreditamos firmemente que ele tem o car\u00e1ter, o temperamento e as habilidades necess\u00e1rias para levar a BMW M 1000 RR ao topo e dar continuidade ao excelente trabalho que Toprak realizou nas duas \u00faltimas temporadas. Estamos ansiosos pela primeira oportunidade de o ver na moto. Entretanto, o nosso foco continua a ser terminar este campeonato da melhor forma poss\u00edvel e aproveitar esse sucesso \u00e0 medida que avan\u00e7amos para 2026.<\/p>\n","protected":false},"excerpt":{"rendered":"Miguel Oliveira foi confirmado na BMW Motorrad RokIt WorldSBK h\u00e1 mais de um m\u00eas. Entretanto a equipa atual&hellip;\n","protected":false},"author":2,"featured_media":122439,"comment_status":"","ping_status":"","sticky":false,"template":"","format":"standard","meta":{"footnotes":""},"categories":[87],"tags":[135,32,33,134],"class_list":{"0":"post-122438","1":"post","2":"type-post","3":"status-publish","4":"format-standard","5":"has-post-thumbnail","7":"category-desporto","8":"tag-desporto","9":"tag-portugal","10":"tag-pt","11":"tag-sports"},"share_on_mastodon":{"url":"https:\/\/pubeurope.com\/@pt\/115420869636693062","error":""},"_links":{"self":[{"href":"https:\/\/www.europesays.com\/pt\/wp-json\/wp\/v2\/posts\/122438","targetHints":{"allow":["GET"]}}],"collection":[{"href":"https:\/\/www.europesays.com\/pt\/wp-json\/wp\/v2\/posts"}],"about":[{"href":"https:\/\/www.europesays.com\/pt\/wp-json\/wp\/v2\/types\/post"}],"author":[{"embeddable":true,"href":"https:\/\/www.europesays.com\/pt\/wp-json\/wp\/v2\/users\/2"}],"replies":[{"embeddable":true,"href":"https:\/\/www.europesays.com\/pt\/wp-json\/wp\/v2\/comments?post=122438"}],"version-history":[{"count":0,"href":"https:\/\/www.europesays.com\/pt\/wp-json\/wp\/v2\/posts\/122438\/revisions"}],"wp:featuredmedia":[{"embeddable":true,"href":"https:\/\/www.europesays.com\/pt\/wp-json\/wp\/v2\/media\/122439"}],"wp:attachment":[{"href":"https:\/\/www.europesays.com\/pt\/wp-json\/wp\/v2\/media?parent=122438"}],"wp:term":[{"taxonomy":"category","embeddable":true,"href":"https:\/\/www.europesays.com\/pt\/wp-json\/wp\/v2\/categories?post=122438"},{"taxonomy":"post_tag","embeddable":true,"href":"https:\/\/www.europesays.com\/pt\/wp-json\/wp\/v2\/tags?post=122438"}],"curies":[{"name":"wp","href":"https:\/\/api.w.org\/{rel}","templated":true}]}}