{"id":122440,"date":"2025-10-23T01:23:57","date_gmt":"2025-10-23T01:23:57","guid":{"rendered":"https:\/\/www.europesays.com\/pt\/122440\/"},"modified":"2025-10-23T01:23:57","modified_gmt":"2025-10-23T01:23:57","slug":"prefeitura-mobiliza-servidores-do-implurb-para-a-importancia-do-outubro-rosa","status":"publish","type":"post","link":"https:\/\/www.europesays.com\/pt\/122440\/","title":{"rendered":"Prefeitura mobiliza servidores do Implurb para a import\u00e2ncia do \u2018Outubro Rosa\u2019"},"content":{"rendered":"<p>Como parte das a\u00e7\u00f5es do \u201cOutubro Rosa\u201d, a Prefeitura de Manaus, por meio do Instituto Municipal de Planejamento Urbano (Implurb), nesta ter\u00e7a-feira, 21\/10, mobilizou os servidores com vestimentas na cor rosa e adornou os corredores e salas do \u00f3rg\u00e3o na mesma paleta. A iniciativa \u00e9 um gesto coletivo e simb\u00f3lico para ressaltar esse movimento internacional, que refor\u00e7a a import\u00e2ncia da preven\u00e7\u00e3o e do diagn\u00f3stico precoce do c\u00e2ncer de mama.<\/p>\n<p>\u201cO Implurb est\u00e1 vestindo a camisa rosa para lembrar a import\u00e2ncia da preven\u00e7\u00e3o contra o c\u00e2ncer de mama, do autoexame e do diagn\u00f3stico precoce. Nosso objetivo \u00e9 conscientizar as mulheres e toda a sociedade neste outubro t\u00e3o importante\u201d, destacou a servidora do Implurb, arquiteta e urbanista A\u00edda Di\u00f3genes.<\/p>\n<p>O \u201cOutubro Rosa\u201d surgiu na d\u00e9cada de 1990 e, desde ent\u00e3o, se tornou um dos maiores movimentos de conscientiza\u00e7\u00e3o em todo o mundo. A cor rosa foi adotada como s\u00edmbolo da causa, representando empatia, solidariedade e cuidado. A campanha busca chamar a aten\u00e7\u00e3o para a necessidade de realizar exames peri\u00f3dicos e de manter h\u00e1bitos saud\u00e1veis como forma de preven\u00e7\u00e3o.<\/p>\n<p>Segundo o Instituto Nacional de C\u00e2ncer (Inca), o c\u00e2ncer de mama \u00e9 o tipo mais frequente entre as mulheres no Brasil, correspondendo a cerca de 24,5% dos novos casos registrados anualmente. Neste ano, o Brasil deve registrar 73.610 novos casos da doen\u00e7a.<\/p>\n<p>\u201cQueremos que o \u2018Outubro Rosa\u2019 seja mais do que um m\u00eas de alerta, que ele se transforme em um movimento permanente de cuidado e conscientiza\u00e7\u00e3o. Quando falamos de preven\u00e7\u00e3o, falamos de amor, de responsabilidade e de empoderamento. A informa\u00e7\u00e3o salva vidas, e \u00e9 isso que queremos refor\u00e7ar, que cuidar de si \u00e9 tamb\u00e9m um gesto de for\u00e7a e de esperan\u00e7a\u201d, afirmou o diretor-presidente do Implurb, Carlos Valente.<\/p>\n<p><strong>Diagn\u00f3stico precoce salva vidas<\/strong><\/p>\n<p>A mamografia \u00e9 o principal exame para detec\u00e7\u00e3o precoce do c\u00e2ncer de mama, permitindo a identifica\u00e7\u00e3o de altera\u00e7\u00f5es mesmo antes de surgirem sintomas vis\u00edveis, aumentando as chances de sucesso no tratamento e de cura.<\/p>\n<p>Estudos do Inca indicam que o exame pode reduzir a mortalidade por c\u00e2ncer de mama em at\u00e9 30% entre mulheres de 50 a 69 anos. O Minist\u00e9rio da Sa\u00fade recomenda que mulheres dessa faixa et\u00e1ria realizem o exame a cada dois anos, enquanto as Sociedades M\u00e9dicas orientam a mamografia anual a partir dos 40 anos.<\/p>\n<p>Al\u00e9m dos exames, h\u00e1bitos saud\u00e1veis s\u00e3o aliados na preven\u00e7\u00e3o da doen\u00e7a. Manter uma alimenta\u00e7\u00e3o equilibrada, praticar atividade f\u00edsica regular, evitar o consumo excessivo de \u00e1lcool e manter o peso adequado ajudam a reduzir o risco de c\u00e2ncer de mama.<\/p>\n<p><strong>Um gesto de cuidado<\/strong><\/p>\n<p>Durante todo o m\u00eas de outubro, o Implurb refor\u00e7a seu compromisso com a valoriza\u00e7\u00e3o da vida e da sa\u00fade. Se vestir de rosa \u00e9 mais do que uma a\u00e7\u00e3o simb\u00f3lica, \u00e9 um lembrete de que cuidar de si \u00e9 o primeiro passo para continuar cuidando do outro.<\/p>\n<p><img loading=\"lazy\" decoding=\"async\" width=\"1024\" height=\"683\" src=\"https:\/\/www.europesays.com\/pt\/wp-content\/uploads\/2025\/10\/54873257574_7d64ba65ab_k-1024x683.jpg\" alt=\"\" class=\"wp-image-277727\"  \/><\/p>\n<p>\u2014 \u2014 \u2014<\/p>\n<p><strong>Texto\u00a0<\/strong>\u2013 Claudia do Valle\/Implurb<\/p>\n<p><strong>Fotos\u00a0<\/strong>\u2013 Valdo Le\u00e3o\/Semcom<\/p>\n<p><strong>Dispon\u00edveis em \u2013 <\/strong><a href=\"https:\/\/flic.kr\/s\/aHBqjCydvy\" rel=\"nofollow noopener\" target=\"_blank\">https:\/\/flic.kr\/s\/aHBqjCydvy<\/a><\/p>\n","protected":false},"excerpt":{"rendered":"Como parte das a\u00e7\u00f5es do \u201cOutubro Rosa\u201d, a Prefeitura de Manaus, por meio do Instituto Municipal de Planejamento&hellip;\n","protected":false},"author":2,"featured_media":122441,"comment_status":"","ping_status":"","sticky":false,"template":"","format":"standard","meta":{"footnotes":""},"categories":[86],"tags":[116,28362,22962,23543,32,3243,33,117,28363],"class_list":{"0":"post-122440","1":"post","2":"type-post","3":"status-publish","4":"format-standard","5":"has-post-thumbnail","7":"category-saude","8":"tag-health","9":"tag-implurb","10":"tag-mobilizacao","11":"tag-outubro-rosa","12":"tag-portugal","13":"tag-prefeitura-de-manaus","14":"tag-pt","15":"tag-saude","16":"tag-servidores-do-implurb"},"share_on_mastodon":{"url":"https:\/\/pubeurope.com\/@pt\/115420873730204567","error":""},"_links":{"self":[{"href":"https:\/\/www.europesays.com\/pt\/wp-json\/wp\/v2\/posts\/122440","targetHints":{"allow":["GET"]}}],"collection":[{"href":"https:\/\/www.europesays.com\/pt\/wp-json\/wp\/v2\/posts"}],"about":[{"href":"https:\/\/www.europesays.com\/pt\/wp-json\/wp\/v2\/types\/post"}],"author":[{"embeddable":true,"href":"https:\/\/www.europesays.com\/pt\/wp-json\/wp\/v2\/users\/2"}],"replies":[{"embeddable":true,"href":"https:\/\/www.europesays.com\/pt\/wp-json\/wp\/v2\/comments?post=122440"}],"version-history":[{"count":0,"href":"https:\/\/www.europesays.com\/pt\/wp-json\/wp\/v2\/posts\/122440\/revisions"}],"wp:featuredmedia":[{"embeddable":true,"href":"https:\/\/www.europesays.com\/pt\/wp-json\/wp\/v2\/media\/122441"}],"wp:attachment":[{"href":"https:\/\/www.europesays.com\/pt\/wp-json\/wp\/v2\/media?parent=122440"}],"wp:term":[{"taxonomy":"category","embeddable":true,"href":"https:\/\/www.europesays.com\/pt\/wp-json\/wp\/v2\/categories?post=122440"},{"taxonomy":"post_tag","embeddable":true,"href":"https:\/\/www.europesays.com\/pt\/wp-json\/wp\/v2\/tags?post=122440"}],"curies":[{"name":"wp","href":"https:\/\/api.w.org\/{rel}","templated":true}]}}