{"id":122442,"date":"2025-10-23T01:29:35","date_gmt":"2025-10-23T01:29:35","guid":{"rendered":"https:\/\/www.europesays.com\/pt\/122442\/"},"modified":"2025-10-23T01:29:35","modified_gmt":"2025-10-23T01:29:35","slug":"filha-de-jose-manuel-anes-em-prisao-preventiva","status":"publish","type":"post","link":"https:\/\/www.europesays.com\/pt\/122442\/","title":{"rendered":"Filha de Jos\u00e9 Manuel Anes em Pris\u00e3o Preventiva"},"content":{"rendered":"\n<p>Ao chegar ao local da agress\u00e3o, elementos policiais foram informados por testemunhas &#8220;que teria sido visualizada uma suspeita do sexo feminino, alegadamente familiar da v\u00edtima, a sair da resid\u00eancia&#8221;, acrescentou a mesma fonte.<\/p>\n<p>&#8220;Temendo pela integridade f\u00edsica do mesmo, j\u00e1 tendo conhecimento do hist\u00f3rico de viol\u00eancia dom\u00e9stica&#8221;, os pol\u00edcias &#8220;deslocaram-se de imediato&#8221; \u00e0 resid\u00eancia da v\u00edtima, &#8220;onde se depararam com o homem de 81 anos prostrado no solo ensanguentado&#8221;.<\/p>\n<p>Segundo a descri\u00e7\u00e3o policial, a v\u00edtima apresentava &#8220;v\u00e1rios ferimentos e lacera\u00e7\u00f5es, no abd\u00f3men, m\u00e3os e pernas, aparentemente provocados por um objeto cortante&#8221;, bem como &#8220;hematomas nos olhos provocados pelos dedos da suspeita&#8221;.<\/p>\n<p>Jos\u00e9 Manuel Anes, tamb\u00e9m conhecido pela sua liga\u00e7\u00e3o \u00e0 Ma\u00e7onaria, foi transportado para o Hospital de S\u00e3o Jos\u00e9, onde est\u00e1 internado.<\/p>\n","protected":false},"excerpt":{"rendered":"Ao chegar ao local da agress\u00e3o, elementos policiais foram informados por testemunhas &#8220;que teria sido visualizada uma suspeita&hellip;\n","protected":false},"author":2,"featured_media":119192,"comment_status":"","ping_status":"","sticky":false,"template":"","format":"standard","meta":{"footnotes":""},"categories":[10],"tags":[28364,27,28,15,16,14,27742,603,25,26,21,22,12,13,19,20,32,23,24,33,17,18,29,30,31],"class_list":{"0":"post-122442","1":"post","2":"type-post","3":"status-publish","4":"format-standard","5":"has-post-thumbnail","7":"category-portugal","8":"tag-ana-anes","9":"tag-breaking-news","10":"tag-breakingnews","11":"tag-featured-news","12":"tag-featurednews","13":"tag-headlines","14":"tag-jose-manuel-anes","15":"tag-justica","16":"tag-latest-news","17":"tag-latestnews","18":"tag-main-news","19":"tag-mainnews","20":"tag-news","21":"tag-noticias","22":"tag-noticias-principais","23":"tag-noticiasprincipais","24":"tag-portugal","25":"tag-principais-noticias","26":"tag-principaisnoticias","27":"tag-pt","28":"tag-top-stories","29":"tag-topstories","30":"tag-ultimas","31":"tag-ultimas-noticias","32":"tag-ultimasnoticias"},"share_on_mastodon":{"url":"https:\/\/pubeurope.com\/@pt\/115420893193305032","error":""},"_links":{"self":[{"href":"https:\/\/www.europesays.com\/pt\/wp-json\/wp\/v2\/posts\/122442","targetHints":{"allow":["GET"]}}],"collection":[{"href":"https:\/\/www.europesays.com\/pt\/wp-json\/wp\/v2\/posts"}],"about":[{"href":"https:\/\/www.europesays.com\/pt\/wp-json\/wp\/v2\/types\/post"}],"author":[{"embeddable":true,"href":"https:\/\/www.europesays.com\/pt\/wp-json\/wp\/v2\/users\/2"}],"replies":[{"embeddable":true,"href":"https:\/\/www.europesays.com\/pt\/wp-json\/wp\/v2\/comments?post=122442"}],"version-history":[{"count":0,"href":"https:\/\/www.europesays.com\/pt\/wp-json\/wp\/v2\/posts\/122442\/revisions"}],"wp:featuredmedia":[{"embeddable":true,"href":"https:\/\/www.europesays.com\/pt\/wp-json\/wp\/v2\/media\/119192"}],"wp:attachment":[{"href":"https:\/\/www.europesays.com\/pt\/wp-json\/wp\/v2\/media?parent=122442"}],"wp:term":[{"taxonomy":"category","embeddable":true,"href":"https:\/\/www.europesays.com\/pt\/wp-json\/wp\/v2\/categories?post=122442"},{"taxonomy":"post_tag","embeddable":true,"href":"https:\/\/www.europesays.com\/pt\/wp-json\/wp\/v2\/tags?post=122442"}],"curies":[{"name":"wp","href":"https:\/\/api.w.org\/{rel}","templated":true}]}}