{"id":122443,"date":"2025-10-23T01:31:39","date_gmt":"2025-10-23T01:31:39","guid":{"rendered":"https:\/\/www.europesays.com\/pt\/122443\/"},"modified":"2025-10-23T01:31:39","modified_gmt":"2025-10-23T01:31:39","slug":"sbt-tv-bella-campos-se-frustra-com-mudanca-no-visual-ja-desisti","status":"publish","type":"post","link":"https:\/\/www.europesays.com\/pt\/122443\/","title":{"rendered":"SBT TV | Bella Campos se frustra com mudan\u00e7a no visual: \\&#8221;J\u00e1 desisti\\&#8221;"},"content":{"rendered":"<p><strong>Bella Campos <\/strong>compartilhou uma frustra\u00e7\u00e3o com os seguidores. Nesta ter\u00e7a-feira (21), ela explicou que queria alongar os fios com extens\u00f5es ap\u00f3s passar alguns meses com as madeixas mais curtinhas. Entretanto, o resultado do aplique n\u00e3o ficou do jeito que ela imaginava.<\/p>\n<p class=\"related-link\"><strong><a href=\"https:\/\/www.sbt.com.br\/jornalismo\/fofocalizando\/noticia\/285065-joao-gomes-e-ary-mirelle-renovam-votos-de-casamento-no-cristo-redentor\" title=\"Jo\u00e3o Gomes e Ary Mirelle renovam votos de casamento no Cristo Redentor\" class=\"link_sbttv\" rel=\"nofollow noopener\" target=\"_blank\">+ Jo\u00e3o Gomes e Ary Mirelle renovam votos de casamento no Cristo Redentor<\/a><\/strong><\/p>\n<p class=\"related-link\"><strong><a href=\"https:\/\/www.sbt.com.br\/jornalismo\/fofocalizando\/noticia\/285064-bruna-marquezine-surpreende-ao-elogiar-filha-de-virginia-fonseca-e-ze-felipe-perfeita\" title=\"Bruna Marquezine surpreende ao elogiar filha de Virginia Fonseca e Z\u00e9 Felipe: &#039;Perfeita&#039;\" class=\"link_sbttv\" rel=\"nofollow noopener\" target=\"_blank\">+ Bruna Marquezine surpreende ao elogiar filha de Virginia Fonseca e Z\u00e9 Felipe: &#8220;Perfeita&#8221;<\/a><\/strong><\/p>\n<p>Nas redes sociais, a atriz contou que tinha como refer\u00eancia uma foto de <strong>Zendaya<\/strong> com cabelos bem longos.\u00a0&#8220;Esse v\u00eddeo \u00e9 para voc\u00eas n\u00e3o criarem muita expectativa desse novo visual aqui, que eu estava fazendo uma cena, para fazer aquela transi\u00e7\u00e3o assim &#8216;tchan, olha o meu novo cabelo&#8217;. S\u00f3 que eu n\u00e3o sei se est\u00e1 dando certo, como eu queria&#8221;, come\u00e7ou.<\/p>\n<p>&#8220;Primeiro que eu queria um corte que ficasse assim, \u00f3, franjinha e tal. Meu cabelo n\u00e3o fica direito no dia a dia. Ele fica na hora que arruma, a\u00ed depois ele n\u00e3o fica mais. Ent\u00e3o, j\u00e1 desisti da minha franjinha.\u00a0A\u00ed botei o mega, s\u00f3 que eu tenho muito cabelo, ent\u00e3o o mega ficou uma coisa rala, e o meu cabelo ficou volumoso&#8221;, explicou, se divertindo com a situa\u00e7\u00e3o.\u00a0<\/p>\n<p><img decoding=\"async\" alt=\"Bella Campos\" src=\"https:\/\/www.europesays.com\/pt\/wp-content\/uploads\/2025\/10\/20251022160102.jpeg\"\/>Bella Campos (Reprodu\u00e7\u00e3o\/Instagram)<\/p>\n","protected":false},"excerpt":{"rendered":"Bella Campos compartilhou uma frustra\u00e7\u00e3o com os seguidores. Nesta ter\u00e7a-feira (21), ela explicou que queria alongar os fios&hellip;\n","protected":false},"author":2,"featured_media":122444,"comment_status":"","ping_status":"","sticky":false,"template":"","format":"standard","meta":{"footnotes":""},"categories":[145],"tags":[28365,6041,28366,211,210,114,115,972,3893,32,33,6659],"class_list":{"0":"post-122443","1":"post","2":"type-post","3":"status-publish","4":"format-standard","5":"has-post-thumbnail","7":"category-celebridades","8":"tag-bella","9":"tag-cabelo","10":"tag-campos","11":"tag-celebridades","12":"tag-celebrities","13":"tag-entertainment","14":"tag-entretenimento","15":"tag-fofocalizando","16":"tag-mudanca","17":"tag-portugal","18":"tag-pt","19":"tag-visual"},"share_on_mastodon":{"url":"https:\/\/pubeurope.com\/@pt\/115420901199095191","error":""},"_links":{"self":[{"href":"https:\/\/www.europesays.com\/pt\/wp-json\/wp\/v2\/posts\/122443","targetHints":{"allow":["GET"]}}],"collection":[{"href":"https:\/\/www.europesays.com\/pt\/wp-json\/wp\/v2\/posts"}],"about":[{"href":"https:\/\/www.europesays.com\/pt\/wp-json\/wp\/v2\/types\/post"}],"author":[{"embeddable":true,"href":"https:\/\/www.europesays.com\/pt\/wp-json\/wp\/v2\/users\/2"}],"replies":[{"embeddable":true,"href":"https:\/\/www.europesays.com\/pt\/wp-json\/wp\/v2\/comments?post=122443"}],"version-history":[{"count":0,"href":"https:\/\/www.europesays.com\/pt\/wp-json\/wp\/v2\/posts\/122443\/revisions"}],"wp:featuredmedia":[{"embeddable":true,"href":"https:\/\/www.europesays.com\/pt\/wp-json\/wp\/v2\/media\/122444"}],"wp:attachment":[{"href":"https:\/\/www.europesays.com\/pt\/wp-json\/wp\/v2\/media?parent=122443"}],"wp:term":[{"taxonomy":"category","embeddable":true,"href":"https:\/\/www.europesays.com\/pt\/wp-json\/wp\/v2\/categories?post=122443"},{"taxonomy":"post_tag","embeddable":true,"href":"https:\/\/www.europesays.com\/pt\/wp-json\/wp\/v2\/tags?post=122443"}],"curies":[{"name":"wp","href":"https:\/\/api.w.org\/{rel}","templated":true}]}}