{"id":122449,"date":"2025-10-23T01:38:19","date_gmt":"2025-10-23T01:38:19","guid":{"rendered":"https:\/\/www.europesays.com\/pt\/122449\/"},"modified":"2025-10-23T01:38:19","modified_gmt":"2025-10-23T01:38:19","slug":"madalena-costa-sagra-se-campea-mundial-em-patinagem-artistica-livre","status":"publish","type":"post","link":"https:\/\/www.europesays.com\/pt\/122449\/","title":{"rendered":"Madalena Costa sagra-se campe\u00e3 mundial em patinagem art\u00edstica livre"},"content":{"rendered":"<p>                Madalena Costa, que ainda cumpre o seu primeiro ano de j\u00fanior e este ano se sagrou tetracampe\u00e3 europeia, tornou-se na primeira patinadora portuguesa a conquistar o t\u00edtulo mundial s\u00e9nior na disciplina.<\/p>\n<p>\u201cSinto-me muito feliz. Muito satisfeita com a minha capacidade de estar no escal\u00e3o com atletas mais velhas e de conseguir fazer aquilo a que me tinha proposto\u201d, considerou Madalena Costa.<\/p>\n<p>A patinadora nacional refor\u00e7a o feito com o facto de a n\u00edvel mundial ser a mais jovem de sempre a realizar esta conquista, conseguindo tamb\u00e9m a maior pontua\u00e7\u00e3o de sempre em todos os escal\u00f5es da patinagem art\u00edstica mundial feminina (260.15).<\/p>\n<p>\u201cSinto-me muito realizada com o trabalho que foi feito com a minha equipa t\u00e9cnica e ainda com mais motiva\u00e7\u00e3o para alcan\u00e7ar novos t\u00edtulos e a continuar a fazer hist\u00f3ria na modalidade\u201d, afirmou.<\/p>\n<p>Madalena Costa terminou com a pontua\u00e7\u00e3o 260.15 no total das provas de programa curto e longo, \u00e0 frente da italiana Cioia Fiori (224.76), prata, e da espanhola Sira Bella Gallardo (185.66), bronze, tendo as compatriotas Catarina Craveiro e Mariana Almeida terminado em s\u00e9timo (151.78) e oitavo (142.91), respetivamente.<\/p>\n<p>\u201cEste t\u00edtulo representa todas as coisas que abdiquei e todas as horas que passei a treinar enquanto os meus amigos se divertiam. Todos aqueles dias que n\u00e3o me apetecia treinar mas com ajuda da minha m\u00e3e, que \u00e9 a minha treinadora, consegui superar esses obst\u00e1culos\u201d, explicou.<\/p>\n<p>Madalena Costa disse ainda que o ouro representa todas as quedas que custaram um pouco mais a levantar e todas as vezes que duvidou de si, bem como de outras pessoas que tamb\u00e9m duvidaram, e que o t\u00edtulo representa tudo isso e muito mais.<\/p>\n<p>\u201cRepresenta a Madalena pequenina que tinha sonhos muito grandes, mas provavelmente n\u00e3o t\u00e3o grandes como estar a competir no campeonato do mundo com 17 anos e sair com a medalha de ouro\u201d, adiantou.<\/p>\n<p>A patinadora disse ainda que o t\u00edtulo mundial traduziu todo o trabalho e ambi\u00e7\u00e3o que \u00e9 cada vez maior, apesar dos muitos t\u00edtulos que j\u00e1 conquistou.<\/p>\n<p>\u201cAgora \u00e9 ir para casa, descansar e aproveitar este momento t\u00e3o especial e depois come\u00e7ar a preparar a pr\u00f3xima \u00e9poca\u201d, finalizou.<\/p>\n<p>Esta \u00e9 a primeira medalha de ouro de sempre, em patinagem livre, no escal\u00e3o de seniores, para Portugal.<\/p>\n<p>Madalena Costa, que completou 17 anos em 14 de outubro, est\u00e1 este ano a competir no escal\u00e3o de seniores, tendo j\u00e1 conquistado o Campeonato da Europa em setembro.<br \/>&#13;\n            <\/p>\n","protected":false},"excerpt":{"rendered":"Madalena Costa, que ainda cumpre o seu primeiro ano de j\u00fanior e este ano se sagrou tetracampe\u00e3 europeia,&hellip;\n","protected":false},"author":2,"featured_media":122450,"comment_status":"","ping_status":"","sticky":false,"template":"","format":"standard","meta":{"footnotes":""},"categories":[87],"tags":[135,13,32,33,420,421,134],"class_list":{"0":"post-122449","1":"post","2":"type-post","3":"status-publish","4":"format-standard","5":"has-post-thumbnail","7":"category-desporto","8":"tag-desporto","9":"tag-noticias","10":"tag-portugal","11":"tag-pt","12":"tag-rtp","13":"tag-rtp-noticias","14":"tag-sports"},"share_on_mastodon":{"url":"https:\/\/pubeurope.com\/@pt\/115420928599947378","error":""},"_links":{"self":[{"href":"https:\/\/www.europesays.com\/pt\/wp-json\/wp\/v2\/posts\/122449","targetHints":{"allow":["GET"]}}],"collection":[{"href":"https:\/\/www.europesays.com\/pt\/wp-json\/wp\/v2\/posts"}],"about":[{"href":"https:\/\/www.europesays.com\/pt\/wp-json\/wp\/v2\/types\/post"}],"author":[{"embeddable":true,"href":"https:\/\/www.europesays.com\/pt\/wp-json\/wp\/v2\/users\/2"}],"replies":[{"embeddable":true,"href":"https:\/\/www.europesays.com\/pt\/wp-json\/wp\/v2\/comments?post=122449"}],"version-history":[{"count":0,"href":"https:\/\/www.europesays.com\/pt\/wp-json\/wp\/v2\/posts\/122449\/revisions"}],"wp:featuredmedia":[{"embeddable":true,"href":"https:\/\/www.europesays.com\/pt\/wp-json\/wp\/v2\/media\/122450"}],"wp:attachment":[{"href":"https:\/\/www.europesays.com\/pt\/wp-json\/wp\/v2\/media?parent=122449"}],"wp:term":[{"taxonomy":"category","embeddable":true,"href":"https:\/\/www.europesays.com\/pt\/wp-json\/wp\/v2\/categories?post=122449"},{"taxonomy":"post_tag","embeddable":true,"href":"https:\/\/www.europesays.com\/pt\/wp-json\/wp\/v2\/tags?post=122449"}],"curies":[{"name":"wp","href":"https:\/\/api.w.org\/{rel}","templated":true}]}}