{"id":122451,"date":"2025-10-23T01:40:09","date_gmt":"2025-10-23T01:40:09","guid":{"rendered":"https:\/\/www.europesays.com\/pt\/122451\/"},"modified":"2025-10-23T01:40:09","modified_gmt":"2025-10-23T01:40:09","slug":"segundo-cerebro-esses-alimentos-sao-essenciais-para-ter-um-intestino-saudavel","status":"publish","type":"post","link":"https:\/\/www.europesays.com\/pt\/122451\/","title":{"rendered":"&#8216;Segundo c\u00e9rebro&#8217;: Esses alimentos s\u00e3o essenciais para ter um intestino saud\u00e1vel"},"content":{"rendered":"<p>Ainda assim, segundo o estudo, \u00e9 poss\u00edvel melhorar a diversidade microbiana tamb\u00e9m na vida adulta, refor\u00e7ando a capacidade de defesa do organismo.<\/p>\n<p>\u201cIsso afeta absolutamente tudo. A diversidade influencia a resist\u00eancia de todo o corpo. Quanto mais diversidade, mais robustez\u201d, afirmou Gabriele Berg, l\u00edder do instituto respons\u00e1vel pela pesquisa, em comunicado \u00e0 imprensa.<\/p>\n<p>O que os cientistas descobriram<\/p>\n<p>Para chegar a essas conclus\u00f5es, o grupo elaborou um cat\u00e1logo com 156 tipos de frutas e vegetais, mapeando os microrganismos presentes em cada um deles e comparando com dados de duas pesquisas anteriores, uma feita com beb\u00eas e outra com adultos.<\/p>\n","protected":false},"excerpt":{"rendered":"Ainda assim, segundo o estudo, \u00e9 poss\u00edvel melhorar a diversidade microbiana tamb\u00e9m na vida adulta, refor\u00e7ando a capacidade&hellip;\n","protected":false},"author":2,"featured_media":122452,"comment_status":"","ping_status":"","sticky":false,"template":"","format":"standard","meta":{"footnotes":""},"categories":[86],"tags":[546,547,116,32,33,117],"class_list":{"0":"post-122451","1":"post","2":"type-post","3":"status-publish","4":"format-standard","5":"has-post-thumbnail","7":"category-saude","8":"tag-agencia-gazeta","9":"tag-alimentacao-saudavel","10":"tag-health","11":"tag-portugal","12":"tag-pt","13":"tag-saude"},"share_on_mastodon":{"url":"https:\/\/pubeurope.com\/@pt\/115420936473889871","error":""},"_links":{"self":[{"href":"https:\/\/www.europesays.com\/pt\/wp-json\/wp\/v2\/posts\/122451","targetHints":{"allow":["GET"]}}],"collection":[{"href":"https:\/\/www.europesays.com\/pt\/wp-json\/wp\/v2\/posts"}],"about":[{"href":"https:\/\/www.europesays.com\/pt\/wp-json\/wp\/v2\/types\/post"}],"author":[{"embeddable":true,"href":"https:\/\/www.europesays.com\/pt\/wp-json\/wp\/v2\/users\/2"}],"replies":[{"embeddable":true,"href":"https:\/\/www.europesays.com\/pt\/wp-json\/wp\/v2\/comments?post=122451"}],"version-history":[{"count":0,"href":"https:\/\/www.europesays.com\/pt\/wp-json\/wp\/v2\/posts\/122451\/revisions"}],"wp:featuredmedia":[{"embeddable":true,"href":"https:\/\/www.europesays.com\/pt\/wp-json\/wp\/v2\/media\/122452"}],"wp:attachment":[{"href":"https:\/\/www.europesays.com\/pt\/wp-json\/wp\/v2\/media?parent=122451"}],"wp:term":[{"taxonomy":"category","embeddable":true,"href":"https:\/\/www.europesays.com\/pt\/wp-json\/wp\/v2\/categories?post=122451"},{"taxonomy":"post_tag","embeddable":true,"href":"https:\/\/www.europesays.com\/pt\/wp-json\/wp\/v2\/tags?post=122451"}],"curies":[{"name":"wp","href":"https:\/\/api.w.org\/{rel}","templated":true}]}}