{"id":122495,"date":"2025-10-23T02:51:14","date_gmt":"2025-10-23T02:51:14","guid":{"rendered":"https:\/\/www.europesays.com\/pt\/122495\/"},"modified":"2025-10-23T02:51:14","modified_gmt":"2025-10-23T02:51:14","slug":"fernando-sousa-apresenta-no-pinhal-novo-em-palmela-a-sua-obra-literaria","status":"publish","type":"post","link":"https:\/\/www.europesays.com\/pt\/122495\/","title":{"rendered":"Fernando Sousa apresenta no Pinhal Novo, em Palmela, a sua obra liter\u00e1ria"},"content":{"rendered":"<p>            Apresenta\u00e7\u00e3o da obra liter\u00e1ria de Fernando Sousa, num Centro Comunit\u00e1rio do Pinhal Novo<\/p>\n<p>O Centro Comunit\u00e1rio Monte do Francisquinho, no Pinhal Novo, recebe no <strong>dia 8 de novembro, \u00e0s 16h00, a sess\u00e3o de apresenta\u00e7\u00e3o da obra de Fernando Sousa<\/strong>. A iniciativa conta com a presen\u00e7a do <a href=\"https:\/\/diariodistrito.sapo.pt\/tag\/autor\/\" target=\"_blank\" rel=\"noreferrer noopener nofollow\">autor<\/a> e \u00e9 aberta \u00e0 comunidade em geral.<\/p>\n<p>Esta sess\u00e3o permite <strong>conhecer a diversidade da obra liter\u00e1ria<\/strong> de Fernando Sousa, dirigida a diferentes p\u00fablicos e g\u00e9neros.<\/p>\n<p>Entre os livros apresentados est\u00e3o os seguintes: \u201cUm conto da formiga\u201d, \u201cTextos e contextos\u201d, \u201cSussurros meus\u201d, \u201cQuatro rios e um destino\u201d e \u201cCaravela em ondas de Poesia\u201d. <strong>Durante o <a href=\"https:\/\/diariodistrito.sapo.pt\/tag\/evento\/\" target=\"_blank\" rel=\"noreferrer noopener nofollow\">evento<\/a>, os participantes poder\u00e3o adquirir os livros no local<\/strong>.<\/p>\n<p>\t\t<img decoding=\"async\" src=\"https:\/\/www.europesays.com\/pt\/wp-content\/uploads\/2025\/10\/1761187874_129_thumbs.web.sapo.io\"  loading=\"true\"\/><\/p>\n<p>Quem \u00e9 o autor?<\/p>\n<p>Fernando de Jesus Sousa nasceu em Bebeses, Penedono, Viseu, numa aldeia da Beira Alta, na noite de Natal de 1948. <strong>Cresceu livre, inspirado pela natureza e movido por sentimentos intensos e curiosidade pelo mundo<\/strong>. A obra \u201cQuatro Rios e Um Destino\u201d reflete a sua filosofia de vida e experi\u00eancias, sendo o seu primeiro livro publicado.<\/p>\n<p>Pode obter <strong>mais informa\u00e7\u00f5es sobre a sess\u00e3o<\/strong> atrav\u00e9s do telefone 212 336 632 ou do seguinte e-mail: bibliotecas@cm-palmela.pt.<\/p>\n","protected":false},"excerpt":{"rendered":"Apresenta\u00e7\u00e3o da obra liter\u00e1ria de Fernando Sousa, num Centro Comunit\u00e1rio do Pinhal Novo O Centro Comunit\u00e1rio Monte do&hellip;\n","protected":false},"author":2,"featured_media":122496,"comment_status":"","ping_status":"","sticky":false,"template":"","format":"standard","meta":{"footnotes":""},"categories":[143],"tags":[169,114,115,170,32,33],"class_list":{"0":"post-122495","1":"post","2":"type-post","3":"status-publish","4":"format-standard","5":"has-post-thumbnail","7":"category-livros","8":"tag-books","9":"tag-entertainment","10":"tag-entretenimento","11":"tag-livros","12":"tag-portugal","13":"tag-pt"},"share_on_mastodon":{"url":"https:\/\/pubeurope.com\/@pt\/115421215781586426","error":""},"_links":{"self":[{"href":"https:\/\/www.europesays.com\/pt\/wp-json\/wp\/v2\/posts\/122495","targetHints":{"allow":["GET"]}}],"collection":[{"href":"https:\/\/www.europesays.com\/pt\/wp-json\/wp\/v2\/posts"}],"about":[{"href":"https:\/\/www.europesays.com\/pt\/wp-json\/wp\/v2\/types\/post"}],"author":[{"embeddable":true,"href":"https:\/\/www.europesays.com\/pt\/wp-json\/wp\/v2\/users\/2"}],"replies":[{"embeddable":true,"href":"https:\/\/www.europesays.com\/pt\/wp-json\/wp\/v2\/comments?post=122495"}],"version-history":[{"count":0,"href":"https:\/\/www.europesays.com\/pt\/wp-json\/wp\/v2\/posts\/122495\/revisions"}],"wp:featuredmedia":[{"embeddable":true,"href":"https:\/\/www.europesays.com\/pt\/wp-json\/wp\/v2\/media\/122496"}],"wp:attachment":[{"href":"https:\/\/www.europesays.com\/pt\/wp-json\/wp\/v2\/media?parent=122495"}],"wp:term":[{"taxonomy":"category","embeddable":true,"href":"https:\/\/www.europesays.com\/pt\/wp-json\/wp\/v2\/categories?post=122495"},{"taxonomy":"post_tag","embeddable":true,"href":"https:\/\/www.europesays.com\/pt\/wp-json\/wp\/v2\/tags?post=122495"}],"curies":[{"name":"wp","href":"https:\/\/api.w.org\/{rel}","templated":true}]}}